{"html":"                                                            \n\n    \u003Carticle class=\u0022col-md-6 col-lg-4 block-tile type-article\u0022\u003E\n                    \u003Cdiv class=\u0022border rounded shadow-sm h-100 flex-column d-flex    \u0022\u003E\n                    \u003Ca href=\u0022\/basta\/schweizer-urlauber-drohen-nach-instagram-post-15-monate-haft\u0022\u003E\n                            \n                            \n                    \u003Cdiv class=\u0022tile-body flex-grow-1 d-flex flex-column    \u0022\u003E\n                                                                                                            \u003Ch3 class=\u0022h2\u0022\u003ESchweizer Urlauber drohen nach Instagram-Post 15 Monate Haft\u003C\/h3\u003E\n                            \n                                    \n                                                                                    \u003Cp class=\u0022flex-grow-1\u0022\u003E\n                                                        \nEin Schweizer Tourist hielt es f\u00fcr eine gute Idee, das hinduistische Neujahrsfest Nyepi, w\u00e4hrend dessen f\u00fcr 24 Stunden\n                                                            \u0026hellip; \u003Cicon class=\u0022fa fa-angle-double-right ms-1\u0022\u003E\u003C\/icon\u003E\n                                                    \u003C\/p\u003E\n                                    \n                                                            \u003Ctime class=\u0022small\u0022 datetime=\u00222026-07-14T17:04:52+02:00\u0022\u003E\n                            14. Juli 2026 | 17:04 Uhr\n                        \u003C\/time\u003E\n                                                \u003C\/div\u003E\n            \u003C\/a\u003E\n            \u003C\/div\u003E\n            \u003C\/article\u003E\n\n                                                                    \n\n    \u003Carticle class=\u0022col-md-6 col-lg-4 block-tile type-article\u0022\u003E\n                    \u003Cdiv class=\u0022border rounded shadow-sm h-100 flex-column d-flex    \u0022\u003E\n                    \u003Ca href=\u0022\/basta\/kickverbot-am-gardasee\u0022\u003E\n                            \n                            \n                    \u003Cdiv class=\u0022tile-body flex-grow-1 d-flex flex-column    \u0022\u003E\n                                                                                                            \u003Ch3 class=\u0022h2\u0022\u003EKickverbot am Gardasee\u003C\/h3\u003E\n                            \n                                    \n                                                                                    \u003Cp class=\u0022flex-grow-1\u0022\u003E\n                                                        \nDie Italiener halten sich nicht nur konsequent von fu\u00dfballerischen Gro\u00dfereignissen bei zweifelhaften Gastgebern fern; inzwischen\n                                                            \u0026hellip; \u003Cicon class=\u0022fa fa-angle-double-right ms-1\u0022\u003E\u003C\/icon\u003E\n                                                    \u003C\/p\u003E\n                                    \n                                                            \u003Ctime class=\u0022small\u0022 datetime=\u00222026-07-13T19:04:38+02:00\u0022\u003E\n                            13. Juli 2026 | 19:04 Uhr\n                        \u003C\/time\u003E\n                                                \u003C\/div\u003E\n            \u003C\/a\u003E\n            \u003C\/div\u003E\n            \u003C\/article\u003E\n\n                                                                    \n\n    \u003Carticle class=\u0022col-md-6 col-lg-4 block-tile type-article\u0022\u003E\n                    \u003Cdiv class=\u0022border rounded shadow-sm h-100 flex-column d-flex    \u0022\u003E\n                    \u003Ca href=\u0022\/basta\/passagiere-spotten-ueber-den-neuen-trump-flughafen\u0022\u003E\n                            \n                            \n                    \u003Cdiv class=\u0022tile-body flex-grow-1 d-flex flex-column    \u0022\u003E\n                                                                                                            \u003Ch3 class=\u0022h2\u0022\u003EPassagiere spotten \u00fcber den neuen Trump-Flughafen\u003C\/h3\u003E\n                            \n                                    \n                                                                                    \u003Cp class=\u0022flex-grow-1\u0022\u003E\n                                                        \nEr hat es also tats\u00e4chlich getan: Der Flughafen Palm Beach in Florida, praktischerweise direkt neben Trumps Anwesen Mar-a-Lago\n                                                            \u0026hellip; \u003Cicon class=\u0022fa fa-angle-double-right ms-1\u0022\u003E\u003C\/icon\u003E\n                                                    \u003C\/p\u003E\n                                    \n                                                            \u003Ctime class=\u0022small\u0022 datetime=\u00222026-07-13T07:00:11+02:00\u0022\u003E\n                            13. Juli 2026 | 07:00 Uhr\n                        \u003C\/time\u003E\n                                                \u003C\/div\u003E\n            \u003C\/a\u003E\n            \u003C\/div\u003E\n            \u003C\/article\u003E\n\n                                                                    \n\n    \u003Carticle class=\u0022col-md-6 col-lg-4 block-tile type-article\u0022\u003E\n                    \u003Cdiv class=\u0022border rounded shadow-sm h-100 flex-column d-flex    \u0022\u003E\n                    \u003Ca href=\u0022\/basta\/brussels-airlines-stimmt-optisch-auf-den-wm-kracher-ein\u0022\u003E\n                            \n                            \n                    \u003Cdiv class=\u0022tile-body flex-grow-1 d-flex flex-column    \u0022\u003E\n                                                                                                            \u003Ch3 class=\u0022h2\u0022\u003EBrussels Airlines stimmt optisch auf den WM-Kracher ein\u003C\/h3\u003E\n                            \n                                    \n                                                                                    \u003Cp class=\u0022flex-grow-1\u0022\u003E\n                                                        \nMit einem Augenzwinkern schickt Brussels Airlines ihren \u0026quot;Red Devils\u0026quot;-Airbus OO-SNO vor dem heutigen WM-Viertelfinale gegen\n                                                            \u0026hellip; \u003Cicon class=\u0022fa fa-angle-double-right ms-1\u0022\u003E\u003C\/icon\u003E\n                                                    \u003C\/p\u003E\n                                    \n                                                            \u003Ctime class=\u0022small\u0022 datetime=\u00222026-07-10T07:00:11+02:00\u0022\u003E\n                            10. Juli 2026 | 07:00 Uhr\n                        \u003C\/time\u003E\n                                                \u003C\/div\u003E\n            \u003C\/a\u003E\n            \u003C\/div\u003E\n            \u003C\/article\u003E\n\n                                                                    \n\n    \u003Carticle class=\u0022col-md-6 col-lg-4 block-tile type-article\u0022\u003E\n                    \u003Cdiv class=\u0022border rounded shadow-sm h-100 flex-column d-flex    \u0022\u003E\n                    \u003Ca href=\u0022\/basta\/mallorcas-hoteliers-werben-fuer-respektvollen-tourismus\u0022\u003E\n                            \n                            \n                    \u003Cdiv class=\u0022tile-body flex-grow-1 d-flex flex-column    \u0022\u003E\n                                                                                                            \u003Ch3 class=\u0022h2\u0022\u003EMallorcas Hoteliers werben f\u00fcr respektvollen Tourismus\u003C\/h3\u003E\n                            \n                                    \n                                                                                    \u003Cp class=\u0022flex-grow-1\u0022\u003E\n                                                        \nDie umstrittene Sparkassen-Werbung am Flughafen Palma mit dem Spruch \u0026quot;Was auf Malle passiert, wird auf Malle beglichen\u0026quot;\n                                                            \u0026hellip; \u003Cicon class=\u0022fa fa-angle-double-right ms-1\u0022\u003E\u003C\/icon\u003E\n                                                    \u003C\/p\u003E\n                                    \n                                                            \u003Ctime class=\u0022small\u0022 datetime=\u00222026-07-09T07:00:11+02:00\u0022\u003E\n                            9. Juli 2026 | 07:00 Uhr\n                        \u003C\/time\u003E\n                                                \u003C\/div\u003E\n            \u003C\/a\u003E\n            \u003C\/div\u003E\n            \u003C\/article\u003E\n\n                                                                    \n\n    \u003Carticle class=\u0022col-md-6 col-lg-4 block-tile type-article\u0022\u003E\n                    \u003Cdiv class=\u0022border rounded shadow-sm h-100 flex-column d-flex    \u0022\u003E\n                    \u003Ca href=\u0022\/basta\/ohne-fenster-ist-ein-fensterplatz-kein-fensterplatz\u0022\u003E\n                            \n                            \n                    \u003Cdiv class=\u0022tile-body flex-grow-1 d-flex flex-column    \u0022\u003E\n                                                                                                            \u003Ch3 class=\u0022h2\u0022\u003EOhne Fenster ist ein Fensterplatz kein Fensterplatz\u003C\/h3\u003E\n                            \n                                    \n                                                                                    \u003Cp class=\u0022flex-grow-1\u0022\u003E\n                                                        \nDie Fluggesellschaft United ist in einer juristischen Auseinandersetzung mit dem Versuch gescheitert, eine Sammelklage\n                                                            \u0026hellip; \u003Cicon class=\u0022fa fa-angle-double-right ms-1\u0022\u003E\u003C\/icon\u003E\n                                                    \u003C\/p\u003E\n                                    \n                                                            \u003Ctime class=\u0022small\u0022 datetime=\u00222026-07-08T07:00:11+02:00\u0022\u003E\n                            8. Juli 2026 | 07:00 Uhr\n                        \u003C\/time\u003E\n                                                \u003C\/div\u003E\n            \u003C\/a\u003E\n            \u003C\/div\u003E\n            \u003C\/article\u003E\n\n                                                                    \n\n    \u003Carticle class=\u0022col-md-6 col-lg-4 block-tile type-article\u0022\u003E\n                    \u003Cdiv class=\u0022border rounded shadow-sm h-100 flex-column d-flex    \u0022\u003E\n                    \u003Ca href=\u0022\/basta\/guertel-wirrwarr-an-deutschen-flughaefen\u0022\u003E\n                            \n                            \n                    \u003Cdiv class=\u0022tile-body flex-grow-1 d-flex flex-column    \u0022\u003E\n                                                                                                            \u003Ch3 class=\u0022h2\u0022\u003EG\u00fcrtel-Wirrwarr an deutschen Flugh\u00e4fen\u003C\/h3\u003E\n                            \n                                    \n                                                                                    \u003Cp class=\u0022flex-grow-1\u0022\u003E\n                                                        \nDie Auslegung des Regelwerks sitzt an den Sicherheitsschleusen vieler Airports so locker wie manch Hosenbund. Jedenfalls\n                                                            \u0026hellip; \u003Cicon class=\u0022fa fa-angle-double-right ms-1\u0022\u003E\u003C\/icon\u003E\n                                                    \u003C\/p\u003E\n                                    \n                                                            \u003Ctime class=\u0022small\u0022 datetime=\u00222026-07-07T07:00:09+02:00\u0022\u003E\n                            7. Juli 2026 | 07:00 Uhr\n                        \u003C\/time\u003E\n                                                \u003C\/div\u003E\n            \u003C\/a\u003E\n            \u003C\/div\u003E\n            \u003C\/article\u003E\n\n                                                                    \n\n    \u003Carticle class=\u0022col-md-6 col-lg-4 block-tile type-article\u0022\u003E\n                    \u003Cdiv class=\u0022border rounded shadow-sm h-100 flex-column d-flex    \u0022\u003E\n                    \u003Ca href=\u0022\/basta\/ein-schuss-ein-tor-und-dann-ein-gratis-landausflug\u0022\u003E\n                            \n                            \n                    \u003Cdiv class=\u0022tile-body flex-grow-1 d-flex flex-column    \u0022\u003E\n                                                                                                            \u003Ch3 class=\u0022h2\u0022\u003EEin Schuss, ein Tor und dann ein gratis Landausflug\u003C\/h3\u003E\n                            \n                                    \n                                                                                    \u003Cp class=\u0022flex-grow-1\u0022\u003E\n                                                        \nW\u00e4hrend die deutsche Nationalmannschaft bei der WM eher wenige neue Fans f\u00fcr sich begeistern konnte, sorgt Norwegens Team\n                                                            \u0026hellip; \u003Cicon class=\u0022fa fa-angle-double-right ms-1\u0022\u003E\u003C\/icon\u003E\n                                                    \u003C\/p\u003E\n                                    \n                                                            \u003Ctime class=\u0022small\u0022 datetime=\u00222026-07-06T07:00:14+02:00\u0022\u003E\n                            6. Juli 2026 | 07:00 Uhr\n                        \u003C\/time\u003E\n                                                \u003C\/div\u003E\n            \u003C\/a\u003E\n            \u003C\/div\u003E\n            \u003C\/article\u003E\n\n                                                                    \n\n    \u003Carticle class=\u0022col-md-6 col-lg-4 block-tile type-article\u0022\u003E\n                    \u003Cdiv class=\u0022border rounded shadow-sm h-100 flex-column d-flex    \u0022\u003E\n                    \u003Ca href=\u0022\/basta\/fifa-boss-infantino-fliegt-fliegt-und-fliegt\u0022\u003E\n                            \n                            \n                    \u003Cdiv class=\u0022tile-body flex-grow-1 d-flex flex-column    \u0022\u003E\n                                                                                                            \u003Ch3 class=\u0022h2\u0022\u003EFifa-Boss Infantino fliegt, fliegt und fliegt\u003C\/h3\u003E\n                            \n                                    \n                                                                                    \u003Cp class=\u0022flex-grow-1\u0022\u003E\n                                                        \nTja, die klimaneutrale Reise gibt zwar ohnehin nicht, aber das hier ist schon irgendwie hart \u00fcbertrieben: Jedenfalls absolvierte\n                                                            \u0026hellip; \u003Cicon class=\u0022fa fa-angle-double-right ms-1\u0022\u003E\u003C\/icon\u003E\n                                                    \u003C\/p\u003E\n                                    \n                                                            \u003Ctime class=\u0022small\u0022 datetime=\u00222026-07-03T07:00:15+02:00\u0022\u003E\n                            3. Juli 2026 | 07:00 Uhr\n                        \u003C\/time\u003E\n                                                \u003C\/div\u003E\n            \u003C\/a\u003E\n            \u003C\/div\u003E\n            \u003C\/article\u003E\n\n                                                                    \n\n    \u003Carticle class=\u0022col-md-6 col-lg-4 block-tile type-article\u0022\u003E\n                    \u003Cdiv class=\u0022border rounded shadow-sm h-100 flex-column d-flex    \u0022\u003E\n                    \u003Ca href=\u0022\/basta\/flugzeuge-in-echtzeit-an-der-eigenen-zimmerdecke\u0022\u003E\n                            \n                            \n                    \u003Cdiv class=\u0022tile-body flex-grow-1 d-flex flex-column    \u0022\u003E\n                                                                                                            \u003Ch3 class=\u0022h2\u0022\u003EFlugzeuge in Echtzeit an der eigenen Zimmerdecke\u003C\/h3\u003E\n                            \n                                    \n                                                                                    \u003Cp class=\u0022flex-grow-1\u0022\u003E\n                                                        \nWer im Bereich einer Einflugschneise wohnt und von den lauten Flugger\u00e4uschen geplagt ist, kann sich den Blick zum Himmel\n                                                            \u0026hellip; \u003Cicon class=\u0022fa fa-angle-double-right ms-1\u0022\u003E\u003C\/icon\u003E\n                                                    \u003C\/p\u003E\n                                    \n                                                            \u003Ctime class=\u0022small\u0022 datetime=\u00222026-07-02T07:00:13+02:00\u0022\u003E\n                            2. Juli 2026 | 07:00 Uhr\n                        \u003C\/time\u003E\n                                                \u003C\/div\u003E\n            \u003C\/a\u003E\n            \u003C\/div\u003E\n            \u003C\/article\u003E\n\n                                                                    \n\n    \u003Carticle class=\u0022col-md-6 col-lg-4 block-tile type-article\u0022\u003E\n                    \u003Cdiv class=\u0022border rounded shadow-sm h-100 flex-column d-flex    \u0022\u003E\n                    \u003Ca href=\u0022\/basta\/flughafen-frankfurt-versteigert-inventar-aus-dem-terminal-2\u0022\u003E\n                            \n                            \n                    \u003Cdiv class=\u0022tile-body flex-grow-1 d-flex flex-column    \u0022\u003E\n                                                                                                            \u003Ch3 class=\u0022h2\u0022\u003EFlughafen Frankfurt versteigert Inventar aus dem Terminal 2\u003C\/h3\u003E\n                            \n                                    \n                                                                                    \u003Cp class=\u0022flex-grow-1\u0022\u003E\n                                                        \nWer schon immer etwas Flughafen-Feeling zu Hause haben wollte \u2013 und unter unseren Lesern d\u00fcrfte es sicher reichlich Flugverr\u00fcckte\n                                                            \u0026hellip; \u003Cicon class=\u0022fa fa-angle-double-right ms-1\u0022\u003E\u003C\/icon\u003E\n                                                    \u003C\/p\u003E\n                                    \n                                                            \u003Ctime class=\u0022small\u0022 datetime=\u00222026-07-01T07:00:14+02:00\u0022\u003E\n                            1. Juli 2026 | 07:00 Uhr\n                        \u003C\/time\u003E\n                                                \u003C\/div\u003E\n            \u003C\/a\u003E\n            \u003C\/div\u003E\n            \u003C\/article\u003E\n\n                                                                    \n\n    \u003Carticle class=\u0022col-md-6 col-lg-4 block-tile type-article\u0022\u003E\n                    \u003Cdiv class=\u0022border rounded shadow-sm h-100 flex-column d-flex    \u0022\u003E\n                    \u003Ca href=\u0022\/basta\/jetzt-fehlen-nur-noch-roboter-gaeste\u0022\u003E\n                            \n                            \n                    \u003Cdiv class=\u0022tile-body flex-grow-1 d-flex flex-column    \u0022\u003E\n                                                                                                            \u003Ch3 class=\u0022h2\u0022\u003EJetzt fehlen nur noch Roboter-G\u00e4ste\u003C\/h3\u003E\n                            \n                                    \n                                                                                    \u003Cp class=\u0022flex-grow-1\u0022\u003E\n                                                        \nIm n\u00e4chsten Jahr soll im chinesischen Perlfluss-Delta im Rahmen eines ambitionierten Zukunftsprojekts ein Hotel er\u00f6ffnen\n                                                            \u0026hellip; \u003Cicon class=\u0022fa fa-angle-double-right ms-1\u0022\u003E\u003C\/icon\u003E\n                                                    \u003C\/p\u003E\n                                    \n                                                            \u003Ctime class=\u0022small\u0022 datetime=\u00222026-06-30T07:00:14+02:00\u0022\u003E\n                            30. Juni 2026 | 07:00 Uhr\n                        \u003C\/time\u003E\n                                                \u003C\/div\u003E\n            \u003C\/a\u003E\n            \u003C\/div\u003E\n            \u003C\/article\u003E\n\n                                                                    \n\n    \u003Carticle class=\u0022col-md-6 col-lg-4 block-tile type-article\u0022\u003E\n                    \u003Cdiv class=\u0022border rounded shadow-sm h-100 flex-column d-flex    \u0022\u003E\n                    \u003Ca href=\u0022\/basta\/air-france-serviert-fast-nur-noch-franzoesisch\u0022\u003E\n                            \n                            \n                    \u003Cdiv class=\u0022tile-body flex-grow-1 d-flex flex-column    \u0022\u003E\n                                                                                                            \u003Ch3 class=\u0022h2\u0022\u003EAir France serviert fast nur noch franz\u00f6sisch\u003C\/h3\u003E\n                            \n                                    \n                                                                                    \u003Cp class=\u0022flex-grow-1\u0022\u003E\n                                                        \nAir France macht in Business und First Class sowie in den Lounges ernst mit der Grande Nation im Glas. Schweppes Tonic\n                                                            \u0026hellip; \u003Cicon class=\u0022fa fa-angle-double-right ms-1\u0022\u003E\u003C\/icon\u003E\n                                                    \u003C\/p\u003E\n                                    \n                                                            \u003Ctime class=\u0022small\u0022 datetime=\u00222026-06-29T07:00:17+02:00\u0022\u003E\n                            29. Juni 2026 | 07:00 Uhr\n                        \u003C\/time\u003E\n                                                \u003C\/div\u003E\n            \u003C\/a\u003E\n            \u003C\/div\u003E\n            \u003C\/article\u003E\n\n                                                                    \n\n    \u003Carticle class=\u0022col-md-6 col-lg-4 block-tile type-article\u0022\u003E\n                    \u003Cdiv class=\u0022border rounded shadow-sm h-100 flex-column d-flex    \u0022\u003E\n                    \u003Ca href=\u0022\/basta\/ryanair-laesst-familien-widerwillig-zusammensitzen\u0022\u003E\n                            \n                            \n                    \u003Cdiv class=\u0022tile-body flex-grow-1 d-flex flex-column    \u0022\u003E\n                                                                                                            \u003Ch3 class=\u0022h2\u0022\u003ERyanair l\u00e4sst Familien widerwillig zusammensitzen\u003C\/h3\u003E\n                            \n                                    \n                                                                                    \u003Cp class=\u0022flex-grow-1\u0022\u003E\n                                                        \nRyanair l\u00e4sst Familien k\u00fcnftig auch dann zusammensitzen, wenn sie nicht \u00fcber kostenpflichtige Platzreservierungen verf\u00fcgen\n                                                            \u0026hellip; \u003Cicon class=\u0022fa fa-angle-double-right ms-1\u0022\u003E\u003C\/icon\u003E\n                                                    \u003C\/p\u003E\n                                    \n                                                            \u003Ctime class=\u0022small\u0022 datetime=\u00222026-06-26T07:00:15+02:00\u0022\u003E\n                            26. Juni 2026 | 07:00 Uhr\n                        \u003C\/time\u003E\n                                                \u003C\/div\u003E\n            \u003C\/a\u003E\n            \u003C\/div\u003E\n            \u003C\/article\u003E\n\n                                                                    \n\n    \u003Carticle class=\u0022col-md-6 col-lg-4 block-tile type-article\u0022\u003E\n                    \u003Cdiv class=\u0022border rounded shadow-sm h-100 flex-column d-flex    \u0022\u003E\n                    \u003Ca href=\u0022\/basta\/wie-aus-stuttgart-21-bestenfalls-stuttgart-31-wird\u0022\u003E\n                            \n                            \n                    \u003Cdiv class=\u0022tile-body flex-grow-1 d-flex flex-column    \u0022\u003E\n                                                                                                            \u003Ch3 class=\u0022h2\u0022\u003EWie aus Stuttgart 21 bestenfalls Stuttgart 31 wird\u003C\/h3\u003E\n                            \n                                    \n                                                                                    \u003Cp class=\u0022flex-grow-1\u0022\u003E\n                                                        \nBereits k\u00fcrzlich verdichteten sich Ger\u00fcchte, nach denen die Inbetriebnahme des Bahnhofsprojekts Stuttgart 21 um weitere\n                                                            \u0026hellip; \u003Cicon class=\u0022fa fa-angle-double-right ms-1\u0022\u003E\u003C\/icon\u003E\n                                                    \u003C\/p\u003E\n                                    \n                                                            \u003Ctime class=\u0022small\u0022 datetime=\u00222026-06-24T20:41:14+02:00\u0022\u003E\n                            24. Juni 2026 | 20:41 Uhr\n                        \u003C\/time\u003E\n                                                \u003C\/div\u003E\n            \u003C\/a\u003E\n            \u003C\/div\u003E\n            \u003C\/article\u003E\n\n                                                                    \n\n    \u003Carticle class=\u0022col-md-6 col-lg-4 block-tile type-article\u0022\u003E\n                    \u003Cdiv class=\u0022border rounded shadow-sm h-100 flex-column d-flex    \u0022\u003E\n                    \u003Ca href=\u0022\/basta\/pommes-raus-aus-dem-bordbistro-sie-sind-der-bahn-zu-komplex\u0022\u003E\n                            \n                            \n                    \u003Cdiv class=\u0022tile-body flex-grow-1 d-flex flex-column    \u0022\u003E\n                                                                                                            \u003Ch3 class=\u0022h2\u0022\u003EPommes raus aus dem Bordbistro, sie sind der Bahn zu komplex\u003C\/h3\u003E\n                            \n                                    \n                                                                                    \u003Cp class=\u0022flex-grow-1\u0022\u003E\n                                                        \nTrennung auf offener Schiene: Die Currywurst im Bordbistro der Deutschen Bahn f\u00e4hrt ab sofort solo. Die knusprigen Pommes\n                                                            \u0026hellip; \u003Cicon class=\u0022fa fa-angle-double-right ms-1\u0022\u003E\u003C\/icon\u003E\n                                                    \u003C\/p\u003E\n                                    \n                                                            \u003Ctime class=\u0022small\u0022 datetime=\u00222026-06-24T07:00:11+02:00\u0022\u003E\n                            24. Juni 2026 | 07:00 Uhr\n                        \u003C\/time\u003E\n                                                \u003C\/div\u003E\n            \u003C\/a\u003E\n            \u003C\/div\u003E\n            \u003C\/article\u003E\n\n                                                                    \n\n    \u003Carticle class=\u0022col-md-6 col-lg-4 block-tile type-article\u0022\u003E\n                    \u003Cdiv class=\u0022border rounded shadow-sm h-100 flex-column d-flex    \u0022\u003E\n                    \u003Ca href=\u0022\/basta\/ein-geschenk-des-himmels-fuer-donald-trump\u0022\u003E\n                            \n                            \n                    \u003Cdiv class=\u0022tile-body flex-grow-1 d-flex flex-column    \u0022\u003E\n                                                                                                            \u003Ch3 class=\u0022h2\u0022\u003EEin Geschenk des Himmels f\u00fcr Donald Trump\u003C\/h3\u003E\n                            \n                                    \n                                                                                    \u003Cp class=\u0022flex-grow-1\u0022\u003E\n                                                        \nUS-Pr\u00e4sident Donald Trump hat der \u00d6ffentlichkeit seine k\u00fcnftige Air Force One pr\u00e4sentiert: eine Boeing 747, die den USA\n                                                            \u0026hellip; \u003Cicon class=\u0022fa fa-angle-double-right ms-1\u0022\u003E\u003C\/icon\u003E\n                                                    \u003C\/p\u003E\n                                    \n                                                            \u003Ctime class=\u0022small\u0022 datetime=\u00222026-06-23T07:00:10+02:00\u0022\u003E\n                            23. Juni 2026 | 07:00 Uhr\n                        \u003C\/time\u003E\n                                                \u003C\/div\u003E\n            \u003C\/a\u003E\n            \u003C\/div\u003E\n            \u003C\/article\u003E\n\n                                                                    \n\n    \u003Carticle class=\u0022col-md-6 col-lg-4 block-tile type-article\u0022\u003E\n                    \u003Cdiv class=\u0022border rounded shadow-sm h-100 flex-column d-flex    \u0022\u003E\n                    \u003Ca href=\u0022\/basta\/fluggast-schmuggelt-lebende-schlangen-im-reisekoffer\u0022\u003E\n                            \n                            \n                    \u003Cdiv class=\u0022tile-body flex-grow-1 d-flex flex-column    \u0022\u003E\n                                                                                                            \u003Ch3 class=\u0022h2\u0022\u003EFluggast schmuggelt lebende Schlangen im Reisekoffer\u003C\/h3\u003E\n                            \n                                    \n                                                                                    \u003Cp class=\u0022flex-grow-1\u0022\u003E\n                                                        \nZum zweiten Mal innerhalb weniger Tage sind Schlangen auf Reisen f\u00fcr uns ein Thema. Diesmal aber anders: Der Zoll am Frankfurter\n                                                            \u0026hellip; \u003Cicon class=\u0022fa fa-angle-double-right ms-1\u0022\u003E\u003C\/icon\u003E\n                                                    \u003C\/p\u003E\n                                    \n                                                            \u003Ctime class=\u0022small\u0022 datetime=\u00222026-06-22T07:00:12+02:00\u0022\u003E\n                            22. Juni 2026 | 07:00 Uhr\n                        \u003C\/time\u003E\n                                                \u003C\/div\u003E\n            \u003C\/a\u003E\n            \u003C\/div\u003E\n            \u003C\/article\u003E\n\n                                                                    \n\n    \u003Carticle class=\u0022col-md-6 col-lg-4 block-tile type-article\u0022\u003E\n                    \u003Cdiv class=\u0022border rounded shadow-sm h-100 flex-column d-flex    \u0022\u003E\n                    \u003Ca href=\u0022\/basta\/neues-von-der-liaison-zwischen-luftfahrt-und-popmusik\u0022\u003E\n                            \n                            \n                    \u003Cdiv class=\u0022tile-body flex-grow-1 d-flex flex-column    \u0022\u003E\n                                                                                                            \u003Ch3 class=\u0022h2\u0022\u003ENeues von der Liaison zwischen Luftfahrt und Popmusik\u003C\/h3\u003E\n                            \n                                    \n                                                                                    \u003Cp class=\u0022flex-grow-1\u0022\u003E\n                                                        \nWizz Air hat mit Popstar Inna den Song \u0026quot;Wizz Away\u0026quot; ver\u00f6ffentlicht und spricht schon einmal vorsorglich vom Sommerhit. Das\n                                                            \u0026hellip; \u003Cicon class=\u0022fa fa-angle-double-right ms-1\u0022\u003E\u003C\/icon\u003E\n                                                    \u003C\/p\u003E\n                                    \n                                                            \u003Ctime class=\u0022small\u0022 datetime=\u00222026-06-19T07:00:17+02:00\u0022\u003E\n                            19. Juni 2026 | 07:00 Uhr\n                        \u003C\/time\u003E\n                                                \u003C\/div\u003E\n            \u003C\/a\u003E\n            \u003C\/div\u003E\n            \u003C\/article\u003E\n\n                                                                    \n\n    \u003Carticle class=\u0022col-md-6 col-lg-4 block-tile type-article\u0022\u003E\n                    \u003Cdiv class=\u0022border rounded shadow-sm h-100 flex-column d-flex    \u0022\u003E\n                    \u003Ca href=\u0022\/basta\/blinder-passagier-reist-von-mexiko-nach-london\u0022\u003E\n                            \n                            \n                    \u003Cdiv class=\u0022tile-body flex-grow-1 d-flex flex-column    \u0022\u003E\n                                                                                                            \u003Ch3 class=\u0022h2\u0022\u003EBlinder Passagier reist von Mexiko nach London\u003C\/h3\u003E\n                            \n                                    \n                                                                                    \u003Cp class=\u0022flex-grow-1\u0022\u003E\n                                                        \nAuf einem TUI-Flug von Cancun nach London Gatwick reiste offenbar eine Schlange mit \u2013 unbemerkt von 345 Passagieren. Erst\n                                                            \u0026hellip; \u003Cicon class=\u0022fa fa-angle-double-right ms-1\u0022\u003E\u003C\/icon\u003E\n                                                    \u003C\/p\u003E\n                                    \n                                                            \u003Ctime class=\u0022small\u0022 datetime=\u00222026-06-17T18:01:32+02:00\u0022\u003E\n                            17. Juni 2026 | 18:01 Uhr\n                        \u003C\/time\u003E\n                                                \u003C\/div\u003E\n            \u003C\/a\u003E\n            \u003C\/div\u003E\n            \u003C\/article\u003E\n\n                                                                    \n\n    \u003Carticle class=\u0022col-md-6 col-lg-4 block-tile type-article\u0022\u003E\n                    \u003Cdiv class=\u0022border rounded shadow-sm h-100 flex-column d-flex    \u0022\u003E\n                    \u003Ca href=\u0022\/basta\/us-verband-zeigt-liste-von-hotels-mit-provisionsschulden\u0022\u003E\n                            \n                            \n                    \u003Cdiv class=\u0022tile-body flex-grow-1 d-flex flex-column    \u0022\u003E\n                                                                                                            \u003Ch3 class=\u0022h2\u0022\u003EUS-Verband zeigt Liste von Hotels mit \u003Cspan class=\u0027hyphen\u0027\u003EProvisionsschulden\u003C\/span\u003E\u003C\/h3\u003E\n                            \n                                    \n                                                                                    \u003Cp class=\u0022flex-grow-1\u0022\u003E\n                                                        \nDer US-Reiseb\u00fcroverband ASTA macht seine Hotel Watch List wieder \u00f6ffentlich \u2013 diesmal f\u00fcr zwei Wochen bis zum 29. Juni\n                                                            \u0026hellip; \u003Cicon class=\u0022fa fa-angle-double-right ms-1\u0022\u003E\u003C\/icon\u003E\n                                                    \u003C\/p\u003E\n                                    \n                                                            \u003Ctime class=\u0022small\u0022 datetime=\u00222026-06-16T18:57:42+02:00\u0022\u003E\n                            16. Juni 2026 | 18:57 Uhr\n                        \u003C\/time\u003E\n                                                \u003C\/div\u003E\n            \u003C\/a\u003E\n            \u003C\/div\u003E\n            \u003C\/article\u003E\n\n                                                                    \n\n    \u003Carticle class=\u0022col-md-6 col-lg-4 block-tile type-article\u0022\u003E\n                    \u003Cdiv class=\u0022border rounded shadow-sm h-100 flex-column d-flex    \u0022\u003E\n                    \u003Ca href=\u0022\/basta\/mein-tretschiff-1-sticht-in-see\u0022\u003E\n                            \n                            \n                    \u003Cdiv class=\u0022tile-body flex-grow-1 d-flex flex-column    \u0022\u003E\n                                                                                                            \u003Ch3 class=\u0022h2\u0022\u003EMein Tretschiff 1 sticht in See\u003C\/h3\u003E\n                            \n                                    \n                                                                                    \u003Cp class=\u0022flex-grow-1\u0022\u003E\n                                                        \n\u00dcber die Jungfernfahrt der Mein Tretschiff 1 berichtet das f\u00fcr seine exakte Berichterstattung bekannte Satireportal \u0026quot;Der\n                                                            \u0026hellip; \u003Cicon class=\u0022fa fa-angle-double-right ms-1\u0022\u003E\u003C\/icon\u003E\n                                                    \u003C\/p\u003E\n                                    \n                                                            \u003Ctime class=\u0022small\u0022 datetime=\u00222026-06-15T19:55:24+02:00\u0022\u003E\n                            15. Juni 2026 | 19:55 Uhr\n                        \u003C\/time\u003E\n                                                \u003C\/div\u003E\n            \u003C\/a\u003E\n            \u003C\/div\u003E\n            \u003C\/article\u003E\n\n                                                                    \n\n    \u003Carticle class=\u0022col-md-6 col-lg-4 block-tile type-article\u0022\u003E\n                    \u003Cdiv class=\u0022border rounded shadow-sm h-100 flex-column d-flex    \u0022\u003E\n                    \u003Ca href=\u0022\/basta\/ryanair-droht-zoff-wegen-sitzplatzgebuehr-fuer-familien\u0022\u003E\n                            \n                            \n                    \u003Cdiv class=\u0022tile-body flex-grow-1 d-flex flex-column    \u0022\u003E\n                                                                                                            \u003Ch3 class=\u0022h2\u0022\u003ERyanair droht Zoff wegen Sitzplatzgeb\u00fchr f\u00fcr Familien\u003C\/h3\u003E\n                            \n                                    \n                                                                                    \u003Cp class=\u0022flex-grow-1\u0022\u003E\n                                                        \nRyanair bekommt in Gro\u00dfbritannien \u00c4rger wegen der Sitzplatzregeln f\u00fcr Familien. Die Wettbewerbsbeh\u00f6rde CMA pr\u00fcft, ob Eltern\n                                                            \u0026hellip; \u003Cicon class=\u0022fa fa-angle-double-right ms-1\u0022\u003E\u003C\/icon\u003E\n                                                    \u003C\/p\u003E\n                                    \n                                                            \u003Ctime class=\u0022small\u0022 datetime=\u00222026-06-12T14:47:46+02:00\u0022\u003E\n                            12. Juni 2026 | 14:47 Uhr\n                        \u003C\/time\u003E\n                                                \u003C\/div\u003E\n            \u003C\/a\u003E\n            \u003C\/div\u003E\n            \u003C\/article\u003E\n\n                                                                    \n\n    \u003Carticle class=\u0022col-md-6 col-lg-4 block-tile type-article\u0022\u003E\n                    \u003Cdiv class=\u0022border rounded shadow-sm h-100 flex-column d-flex    \u0022\u003E\n                    \u003Ca href=\u0022\/basta\/deutsche-kicker-spendieren-600-fans-die-stadionanfahrt\u0022\u003E\n                            \n                            \n                    \u003Cdiv class=\u0022tile-body flex-grow-1 d-flex flex-column    \u0022\u003E\n                                                                                                            \u003Ch3 class=\u0022h2\u0022\u003EDeutsche Kicker spendieren 600 Fans die Stadionanfahrt\u003C\/h3\u003E\n                            \n                                    \n                                                                                    \u003Cp class=\u0022flex-grow-1\u0022\u003E\n                                                        \nBei der Fu\u00dfball-WM in den USA \u00fcbernehmen die deutschen Nationalspieler die Anfahrtkosten f\u00fcr 600 Fans zum Gruppenspiel\n                                                            \u0026hellip; \u003Cicon class=\u0022fa fa-angle-double-right ms-1\u0022\u003E\u003C\/icon\u003E\n                                                    \u003C\/p\u003E\n                                    \n                                                            \u003Ctime class=\u0022small\u0022 datetime=\u00222026-06-12T07:00:12+02:00\u0022\u003E\n                            12. Juni 2026 | 07:00 Uhr\n                        \u003C\/time\u003E\n                                                \u003C\/div\u003E\n            \u003C\/a\u003E\n            \u003C\/div\u003E\n            \u003C\/article\u003E\n\n                                                                    \n\n    \u003Carticle class=\u0022col-md-6 col-lg-4 block-tile type-article\u0022\u003E\n                    \u003Cdiv class=\u0022border rounded shadow-sm h-100 flex-column d-flex    \u0022\u003E\n                    \u003Ca href=\u0022\/basta\/weltmeister-fuers-wirtschaftswachstum\u0022\u003E\n                            \n                            \n                    \u003Cdiv class=\u0022tile-body flex-grow-1 d-flex flex-column    \u0022\u003E\n                                                                                                            \u003Ch3 class=\u0022h2\u0022\u003EWeltmeister f\u00fcrs \u003Cspan class=\u0027hyphen\u0027\u003EWirtschaftswachstum!\u003C\/span\u003E\u003C\/h3\u003E\n                            \n                                    \n                                                                                    \u003Cp class=\u0022flex-grow-1\u0022\u003E\n                                                        \nWas Merz und Klingbeil nicht hinkriegen, m\u00fcssen jetzt Kimmich \u0026amp;amp; Co. rei\u00dfen. Die deutsche Fu\u00dfballnationalmannschaft\n                                                            \u0026hellip; \u003Cicon class=\u0022fa fa-angle-double-right ms-1\u0022\u003E\u003C\/icon\u003E\n                                                    \u003C\/p\u003E\n                                    \n                                                            \u003Ctime class=\u0022small\u0022 datetime=\u00222026-06-11T07:00:12+02:00\u0022\u003E\n                            11. Juni 2026 | 07:00 Uhr\n                        \u003C\/time\u003E\n                                                \u003C\/div\u003E\n            \u003C\/a\u003E\n            \u003C\/div\u003E\n            \u003C\/article\u003E\n\n                                                                    \n\n    \u003Carticle class=\u0022col-md-6 col-lg-4 block-tile type-article\u0022\u003E\n                    \u003Cdiv class=\u0022border rounded shadow-sm h-100 flex-column d-flex    \u0022\u003E\n                    \u003Ca href=\u0022\/basta\/unternehmen-plant-80.000-einwohner-stadt-auf-see\u0022\u003E\n                            \n                            \n                    \u003Cdiv class=\u0022tile-body flex-grow-1 d-flex flex-column    \u0022\u003E\n                                                                                                            \u003Ch3 class=\u0022h2\u0022\u003EUnternehmen plant 80.000-Einwohner-Stadt auf See\u003C\/h3\u003E\n                            \n                                    \n                                                                                    \u003Cp class=\u0022flex-grow-1\u0022\u003E\n                                                        \nDas Freedom Ship soll als schwimmende Kleinstadt bis zu 80.000 Menschen fassen. Vorgesehen sind Wohnquartiere, Schulen\n                                                            \u0026hellip; \u003Cicon class=\u0022fa fa-angle-double-right ms-1\u0022\u003E\u003C\/icon\u003E\n                                                    \u003C\/p\u003E\n                                    \n                                                            \u003Ctime class=\u0022small\u0022 datetime=\u00222026-06-09T16:08:03+02:00\u0022\u003E\n                            9. Juni 2026 | 16:08 Uhr\n                        \u003C\/time\u003E\n                                                \u003C\/div\u003E\n            \u003C\/a\u003E\n            \u003C\/div\u003E\n            \u003C\/article\u003E\n\n                                                                    \n\n    \u003Carticle class=\u0022col-md-6 col-lg-4 block-tile type-article\u0022\u003E\n                    \u003Cdiv class=\u0022border rounded shadow-sm h-100 flex-column d-flex    \u0022\u003E\n                    \u003Ca href=\u0022\/basta\/ex-ncl-chef-klagt-um-beraterhonorar-in-millionenhoehe\u0022\u003E\n                            \n                            \n                    \u003Cdiv class=\u0022tile-body flex-grow-1 d-flex flex-column    \u0022\u003E\n                                                                                                            \u003Ch3 class=\u0022h2\u0022\u003EEx-NCL-Chef klagt um Beraterhonorar in Millionenh\u00f6he\u003C\/h3\u003E\n                            \n                                    \n                                                                                    \u003Cp class=\u0022flex-grow-1\u0022\u003E\n                                                        \nFrank Del Rio, fr\u00fcherer Chef von Norwegian Cruise Line Holdings, verklagt seinen Ex-Arbeitgeber wegen angeblich ausstehender\n                                                            \u0026hellip; \u003Cicon class=\u0022fa fa-angle-double-right ms-1\u0022\u003E\u003C\/icon\u003E\n                                                    \u003C\/p\u003E\n                                    \n                                                            \u003Ctime class=\u0022small\u0022 datetime=\u00222026-06-08T14:09:07+02:00\u0022\u003E\n                            8. Juni 2026 | 14:09 Uhr\n                        \u003C\/time\u003E\n                                                \u003C\/div\u003E\n            \u003C\/a\u003E\n            \u003C\/div\u003E\n            \u003C\/article\u003E\n\n                                                                    \n\n    \u003Carticle class=\u0022col-md-6 col-lg-4 block-tile type-article\u0022\u003E\n                    \u003Cdiv class=\u0022border rounded shadow-sm h-100 flex-column d-flex    \u0022\u003E\n                    \u003Ca href=\u0022\/basta\/mehrwegflaschen-muessen-bei-der-wm-draussen-bleiben\u0022\u003E\n                            \n                            \n                    \u003Cdiv class=\u0022tile-body flex-grow-1 d-flex flex-column    \u0022\u003E\n                                                                                                            \u003Ch3 class=\u0022h2\u0022\u003EMehrwegflaschen m\u00fcssen bei der WM drau\u00dfen bleiben\u003C\/h3\u003E\n                            \n                                    \n                                                                                    \u003Cp class=\u0022flex-grow-1\u0022\u003E\n                                                        \nDie Fifa verbietet bei der Fu\u00dfball-Weltmeisterschaft 2026 die Mitnahme wiederverwendbarer Trinkflaschen in die Stadien\n                                                            \u0026hellip; \u003Cicon class=\u0022fa fa-angle-double-right ms-1\u0022\u003E\u003C\/icon\u003E\n                                                    \u003C\/p\u003E\n                                    \n                                                            \u003Ctime class=\u0022small\u0022 datetime=\u00222026-06-05T17:30:56+02:00\u0022\u003E\n                            5. Juni 2026 | 17:30 Uhr\n                        \u003C\/time\u003E\n                                                \u003C\/div\u003E\n            \u003C\/a\u003E\n            \u003C\/div\u003E\n            \u003C\/article\u003E\n\n                                                                    \n\n    \u003Carticle class=\u0022col-md-6 col-lg-4 block-tile type-article\u0022\u003E\n                    \u003Cdiv class=\u0022border rounded shadow-sm h-100 flex-column d-flex    \u0022\u003E\n                    \u003Ca href=\u0022\/basta\/bgh-urteil-zur-uber-rueckkehrpflicht-sorgt-fuer-kopfschuetteln\u0022\u003E\n                            \n                            \n                    \u003Cdiv class=\u0022tile-body flex-grow-1 d-flex flex-column    \u0022\u003E\n                                                                                                            \u003Ch3 class=\u0022h2\u0022\u003EBGH-Urteil zur Uber-R\u00fcckkehrpflicht sorgt f\u00fcr Kopfsch\u00fctteln\u003C\/h3\u003E\n                            \n                                    \n                                                                                    \u003Cp class=\u0022flex-grow-1\u0022\u003E\n                                                        \nDer Bundesgerichtshof h\u00e4lt in einem aktuellen Urteil an der Pflicht zur R\u00fcckkehr an den Ausgangsort f\u00fcr Mietwagen mit Chauffeur\n                                                            \u0026hellip; \u003Cicon class=\u0022fa fa-angle-double-right ms-1\u0022\u003E\u003C\/icon\u003E\n                                                    \u003C\/p\u003E\n                                    \n                                                            \u003Ctime class=\u0022small\u0022 datetime=\u00222026-06-03T16:17:59+02:00\u0022\u003E\n                            3. Juni 2026 | 16:17 Uhr\n                        \u003C\/time\u003E\n                                                \u003C\/div\u003E\n            \u003C\/a\u003E\n            \u003C\/div\u003E\n            \u003C\/article\u003E\n\n                                                                    \n\n    \u003Carticle class=\u0022col-md-6 col-lg-4 block-tile type-article\u0022\u003E\n                    \u003Cdiv class=\u0022border rounded shadow-sm h-100 flex-column d-flex    \u0022\u003E\n                    \u003Ca href=\u0022\/basta\/bonus-streichung-bei-qatar-airways-schafft-unruhe\u0022\u003E\n                            \n                            \n                    \u003Cdiv class=\u0022tile-body flex-grow-1 d-flex flex-column    \u0022\u003E\n                                                                                                            \u003Ch3 class=\u0022h2\u0022\u003EBonus-Streichung bei Qatar Airways schafft Unruhe\u003C\/h3\u003E\n                            \n                                    \n                                                                                    \u003Cp class=\u0022flex-grow-1\u0022\u003E\n                                                        \nQatar Airways hat im vergangenen Gesch\u00e4ftsjahr rund zwei Milliarden Dollar Gewinn erzielt; nun streicht der Carrier den\n                                                            \u0026hellip; \u003Cicon class=\u0022fa fa-angle-double-right ms-1\u0022\u003E\u003C\/icon\u003E\n                                                    \u003C\/p\u003E\n                                    \n                                                            \u003Ctime class=\u0022small\u0022 datetime=\u00222026-06-02T15:50:16+02:00\u0022\u003E\n                            2. Juni 2026 | 15:50 Uhr\n                        \u003C\/time\u003E\n                                                \u003C\/div\u003E\n            \u003C\/a\u003E\n            \u003C\/div\u003E\n            \u003C\/article\u003E\n\n            \n\n    \u003Cdiv class=\u0022col-md-12\u0022\u003E\n        \u003Cul class=\u0022pagination\u0022\u003E\u003Cli class=\u0022page-item prev\u0022\u003E\u003Ca class=\u0022page-link\u0022 href=\u0022\/page\/63\/30\/tile_3col?ad=345\u0026page=1\u0022 rel=\u0022prev\u0022\u003E\u0026larr; Vorherige\u003C\/a\u003E\u003C\/li\u003E\u003Cli class=\u0022page-item\u0022\u003E\u003Ca class=\u0022page-link\u0022 href=\u0022\/page\/63\/30\/tile_3col?ad=345\u0026page=1\u0022\u003E1\u003C\/a\u003E\u003C\/li\u003E\u003Cli class=\u0022page-item active\u0022\u003E\u003Cspan class=\u0022page-link\u0022\u003E2 \u003Cspan class=\u0022sr-only\u0022\u003E(current)\u003C\/span\u003E\u003C\/span\u003E\u003C\/li\u003E\u003Cli class=\u0022page-item\u0022\u003E\u003Ca class=\u0022page-link\u0022 href=\u0022\/page\/63\/30\/tile_3col?ad=345\u0026page=3\u0022\u003E3\u003C\/a\u003E\u003C\/li\u003E\u003Cli class=\u0022page-item\u0022\u003E\u003Ca class=\u0022page-link\u0022 href=\u0022\/page\/63\/30\/tile_3col?ad=345\u0026page=4\u0022\u003E4\u003C\/a\u003E\u003C\/li\u003E\u003Cli class=\u0022page-item\u0022\u003E\u003Ca class=\u0022page-link\u0022 href=\u0022\/page\/63\/30\/tile_3col?ad=345\u0026page=5\u0022\u003E5\u003C\/a\u003E\u003C\/li\u003E\u003Cli class=\u0022page-item\u0022\u003E\u003Ca class=\u0022page-link\u0022 href=\u0022\/page\/63\/30\/tile_3col?ad=345\u0026page=6\u0022\u003E6\u003C\/a\u003E\u003C\/li\u003E\u003Cli class=\u0022page-item\u0022\u003E\u003Ca class=\u0022page-link\u0022 href=\u0022\/page\/63\/30\/tile_3col?ad=345\u0026page=7\u0022\u003E7\u003C\/a\u003E\u003C\/li\u003E\u003Cli class=\u0022page-item disabled\u0022\u003E\u003Cspan class=\u0022page-link\u0022\u003E\u0026hellip;\u003C\/span\u003E\u003C\/li\u003E\u003Cli class=\u0022page-item\u0022\u003E\u003Ca class=\u0022page-link\u0022 href=\u0022\/page\/63\/30\/tile_3col?ad=345\u0026page=133\u0022\u003E133\u003C\/a\u003E\u003C\/li\u003E\u003Cli class=\u0022page-item next\u0022\u003E\u003Ca class=\u0022page-link\u0022 href=\u0022\/page\/63\/30\/tile_3col?ad=345\u0026page=3\u0022 rel=\u0022next\u0022\u003EN\u00e4chste \u0026rarr;\u003C\/a\u003E\u003C\/li\u003E\u003C\/ul\u003E\n    \u003C\/div\u003E\n"}