{"html":"                                                            \n\n    \u003Carticle class=\u0022col-md-6 col-lg-4 block-tile type-article\u0022\u003E\n                    \u003Cdiv class=\u0022border rounded shadow-sm h-100 flex-column d-flex             bg-primary\n    \u0022\u003E\n                    \u003Ca href=\u0022\/marketing-digitales\/neue-technik-soll-easyjets-kerosinverbrauch-senken\u0022\u003E\n                            \n                                                                                                                \u003Cfigure class=\u0022alias-article_16x9 img-fluid rounded-top\u0022 \u003E\n                                                                                                            \u003Cimg src=\u0022https:\/\/www.reisevor9.de.dev.xrow.net\/var\/site\/storage\/images\/_aliases\/article_16x9\/4\/0\/5\/9\/1119504-1-ger-DE\/Easyjet.jpg\u0022 alt=\u0022Easyjet\u0022 class=\u0022img-fluid\u0022 height=\u0022410\u0022 width=\u0022750\u0022 \/\u003E\n                                                    \u003Cfigcaption\u003E\n                                                                                                                        \u003Cdiv class=\u0022copyright-image text-end text-white pt-1 pe-2 ezrichtext-field\u0022\u003E\u003Cp\u003EEasyjet\u003C\/p\u003E\n\u003C\/div\u003E\n\n                                                                                                                                    \u003C\/figcaption\u003E\n                                            \u003C\/figure\u003E\n                                \n                    \u003Cdiv class=\u0022tile-body flex-grow-1 d-flex flex-column             text-white\n    \u0022\u003E\n                                                                                                    \u003Ch3 class=\u0022h2 flex-grow-1\u0022\u003ENeue Technik soll Easyjets \u003Cspan class=\u0027hyphen\u0027\u003EKerosinverbrauch\u003C\/span\u003E senken \u003Cicon class=\u0022fa fa-angle-double-right text-white ms-2\u0022\u003E\u003C\/icon\u003E\u003C\/h3\u003E\n                                    \n                                                    \n                                                            \u003Ctime class=\u0022small\u0022 datetime=\u00222026-08-12T15:38:10+02:00\u0022\u003E\n                            12. August 2026 | 15:38 Uhr\n                        \u003C\/time\u003E\n                                                \u003C\/div\u003E\n            \u003C\/a\u003E\n            \u003C\/div\u003E\n            \u003C\/article\u003E\n\n                                                                    \n\n    \u003Carticle class=\u0022col-md-6 col-lg-4 block-tile type-article\u0022\u003E\n                    \u003Cdiv class=\u0022border rounded shadow-sm h-100 flex-column d-flex    \u0022\u003E\n                    \u003Ca href=\u0022\/marketing-digitales\/generation-z-in-sachen-arbeitsmoral-besser-als-ihr-ruf\u0022\u003E\n                            \n                            \n                    \u003Cdiv class=\u0022tile-body flex-grow-1 d-flex flex-column    \u0022\u003E\n                                                                                                            \u003Ch3 class=\u0022h2\u0022\u003EGeneration Z in Sachen Arbeitsmoral besser als ihr Ruf\u003C\/h3\u003E\n                            \n                                    \n                                                                                    \u003Cp class=\u0022flex-grow-1\u0022\u003E\n                                                        \nJunge Erwachsene in Deutschland sind so stark am Arbeitsmarkt beteiligt wie seit Jahrzehnten nicht mehr, wie eine Studie\n                                                            \u0026hellip; \u003Cicon class=\u0022fa fa-angle-double-right ms-1\u0022\u003E\u003C\/icon\u003E\n                                                    \u003C\/p\u003E\n                                    \n                                                            \u003Ctime class=\u0022small\u0022 datetime=\u00222026-08-12T14:52:32+02:00\u0022\u003E\n                            12. August 2026 | 14:52 Uhr\n                        \u003C\/time\u003E\n                                                \u003C\/div\u003E\n            \u003C\/a\u003E\n            \u003C\/div\u003E\n            \u003C\/article\u003E\n\n                                                                    \n\n    \u003Carticle class=\u0022col-md-6 col-lg-4 block-tile type-article\u0022\u003E\n                    \u003Cdiv class=\u0022border rounded shadow-sm h-100 flex-column d-flex    \u0022\u003E\n                    \u003Ca href=\u0022\/marketing-digitales\/meilen-von-miles-more-kuenftig-bei-booking-einloesbar\u0022\u003E\n                            \n                            \n                    \u003Cdiv class=\u0022tile-body flex-grow-1 d-flex flex-column    \u0022\u003E\n                                                                                                            \u003Ch3 class=\u0022h2\u0022\u003EMeilen von Miles \u0026 More k\u00fcnftig bei Booking einl\u00f6sbar\u003C\/h3\u003E\n                            \n                                    \n                                                                                    \u003Cp class=\u0022flex-grow-1\u0022\u003E\n                                                        \nDas Treueprogramm der Lufthansa Group erweitert die seit 2021 bestehende Zusammenarbeit mit Booking. Teilnehmer von Miles\n                                                            \u0026hellip; \u003Cicon class=\u0022fa fa-angle-double-right ms-1\u0022\u003E\u003C\/icon\u003E\n                                                    \u003C\/p\u003E\n                                    \n                                                            \u003Ctime class=\u0022small\u0022 datetime=\u00222026-08-12T14:51:58+02:00\u0022\u003E\n                            12. August 2026 | 14:51 Uhr\n                        \u003C\/time\u003E\n                                                \u003C\/div\u003E\n            \u003C\/a\u003E\n            \u003C\/div\u003E\n            \u003C\/article\u003E\n\n                                                                    \n\n    \u003Carticle class=\u0022col-md-6 col-lg-4 block-tile type-article\u0022\u003E\n                    \u003Cdiv class=\u0022border rounded shadow-sm h-100 flex-column d-flex    \u0022\u003E\n                    \u003Ca href=\u0022\/marketing-digitales\/reisezukunft-informiert-zu-phishing-risiken-im-vertrieb\u0022\u003E\n                            \n                            \n                    \u003Cdiv class=\u0022tile-body flex-grow-1 d-flex flex-column    \u0022\u003E\n                                                                                                            \u003Ch3 class=\u0022h2\u0022\u003EReisezukunft informiert zu Phishing-Risiken im Vertrieb\u003C\/h3\u003E\n                            \n                                    \n                                                                                    \u003Cp class=\u0022flex-grow-1\u0022\u003E\n                                                        \nDas Forschungsprojekt Reisezukunft stellt eine Informationsseite vor, die sich dem Thema Cyber Security widmet. Dabei erkl\u00e4rt\n                                                            \u0026hellip; \u003Cicon class=\u0022fa fa-angle-double-right ms-1\u0022\u003E\u003C\/icon\u003E\n                                                    \u003C\/p\u003E\n                                    \n                                                            \u003Ctime class=\u0022small\u0022 datetime=\u00222026-08-12T07:00:12+02:00\u0022\u003E\n                            12. August 2026 | 07:00 Uhr\n                        \u003C\/time\u003E\n                                                \u003C\/div\u003E\n            \u003C\/a\u003E\n            \u003C\/div\u003E\n            \u003C\/article\u003E\n\n                                                                    \n\n    \u003Carticle class=\u0022col-md-6 col-lg-4 block-tile type-article\u0022\u003E\n                    \u003Cdiv class=\u0022border rounded shadow-sm h-100 flex-column d-flex             bg-primary\n    \u0022\u003E\n                    \u003Ca href=\u0022\/marketing-digitales\/jury-ist-fix-bewerbungsfrist-fuer-eco-trophea-endet-in-kuerze\u0022\u003E\n                            \n                                                                                                                \u003Cfigure class=\u0022alias-article_16x9 img-fluid rounded-top\u0022 \u003E\n                                                                                                            \u003Cimg src=\u0022https:\/\/www.reisevor9.de.dev.xrow.net\/var\/site\/storage\/images\/_aliases\/article_16x9\/2\/4\/8\/4\/1664842-1-ger-DE\/Nachhaltigkeit iStock RomoloTavani-473454180.jpg\u0022 alt=\u0022Nachhaltigkeit\u0022 class=\u0022img-fluid\u0022 height=\u0022410\u0022 width=\u0022750\u0022 \/\u003E\n                                                    \u003Cfigcaption\u003E\n                                                                                                                        \u003Cdiv class=\u0022copyright-image text-end text-white pt-1 pe-2 ezrichtext-field\u0022\u003E\u003Cp\u003EiStock\/RomoloTavani\u003C\/p\u003E\n\u003C\/div\u003E\n\n                                                                                                                                    \u003C\/figcaption\u003E\n                                            \u003C\/figure\u003E\n                                \n                    \u003Cdiv class=\u0022tile-body flex-grow-1 d-flex flex-column             text-white\n    \u0022\u003E\n                                                                                                    \u003Ch3 class=\u0022h2 flex-grow-1\u0022\u003EJury ist fix, Bewerbungsfrist f\u00fcr Eco Trophea endet in K\u00fcrze \u003Cicon class=\u0022fa fa-angle-double-right text-white ms-2\u0022\u003E\u003C\/icon\u003E\u003C\/h3\u003E\n                                    \n                                                    \n                                                            \u003Ctime class=\u0022small\u0022 datetime=\u00222026-08-11T20:48:58+02:00\u0022\u003E\n                            11. August 2026 | 20:48 Uhr\n                        \u003C\/time\u003E\n                                                \u003C\/div\u003E\n            \u003C\/a\u003E\n            \u003C\/div\u003E\n            \u003C\/article\u003E\n\n                                                                    \n\n    \u003Carticle class=\u0022col-md-6 col-lg-4 block-tile type-article\u0022\u003E\n                    \u003Cdiv class=\u0022border rounded shadow-sm h-100 flex-column d-flex             bg-primary\n    \u0022\u003E\n                    \u003Ca href=\u0022\/marketing-digitales\/yougov-ranking-sieht-hilton-bei-relevanz-auf-platz-eins\u0022\u003E\n                            \n                                                                                                                \u003Cfigure class=\u0022alias-article_16x9 img-fluid rounded-top\u0022 \u003E\n                                                                                                            \u003Cimg src=\u0022https:\/\/www.reisevor9.de.dev.xrow.net\/var\/site\/storage\/images\/_aliases\/article_16x9\/8\/0\/6\/4\/2554608-1-ger-DE\/2972808bcee9-Hilton-Munich-Park-Foto-Hilton.jpg\u0022 alt=\u0022Hilton Munich Park Foto Hilton\u0022 class=\u0022img-fluid\u0022 height=\u0022410\u0022 width=\u0022750\u0022 \/\u003E\n                                                    \u003Cfigcaption\u003E\n                                                                                                                        \u003Cdiv class=\u0022copyright-image text-end text-white pt-1 pe-2 ezrichtext-field\u0022\u003E\u003Cp\u003EHilton\u003C\/p\u003E\n\u003C\/div\u003E\n\n                                                                                                                                    \u003C\/figcaption\u003E\n                                            \u003C\/figure\u003E\n                                \n                    \u003Cdiv class=\u0022tile-body flex-grow-1 d-flex flex-column             text-white\n    \u0022\u003E\n                                                                                                    \u003Ch3 class=\u0022h2 flex-grow-1\u0022\u003EYougov-Ranking sieht Hilton bei Relevanz auf Platz eins \u003Cicon class=\u0022fa fa-angle-double-right text-white ms-2\u0022\u003E\u003C\/icon\u003E\u003C\/h3\u003E\n                                    \n                                                    \n                                                            \u003Ctime class=\u0022small\u0022 datetime=\u00222026-08-11T16:30:56+02:00\u0022\u003E\n                            11. August 2026 | 16:30 Uhr\n                        \u003C\/time\u003E\n                                                \u003C\/div\u003E\n            \u003C\/a\u003E\n            \u003C\/div\u003E\n            \u003C\/article\u003E\n\n                                                                    \n\n    \u003Carticle class=\u0022col-md-6 col-lg-4 block-tile type-article\u0022\u003E\n                    \u003Cdiv class=\u0022border rounded shadow-sm h-100 flex-column d-flex    \u0022\u003E\n                    \u003Ca href=\u0022\/marketing-digitales\/restaurants-geben-mehrwertsteuersenkung-kaum-weiter\u0022\u003E\n                            \n                            \n                    \u003Cdiv class=\u0022tile-body flex-grow-1 d-flex flex-column    \u0022\u003E\n                                                                                                            \u003Ch3 class=\u0022h2\u0022\u003ERestaurants geben \u003Cspan class=\u0027hyphen\u0027\u003EMehrwertsteuersenkung\u003C\/span\u003E kaum weiter\u003C\/h3\u003E\n                            \n                                    \n                                                                                    \u003Cp class=\u0022flex-grow-1\u0022\u003E\n                                                        \nDie Tagesschau berichtet \u00fcber eine Dehoga-Umfrage unter 2.000 Restaurants. Demnach hielten nach der Mehrwertsteuersenkung\n                                                            \u0026hellip; \u003Cicon class=\u0022fa fa-angle-double-right ms-1\u0022\u003E\u003C\/icon\u003E\n                                                    \u003C\/p\u003E\n                                    \n                                                            \u003Ctime class=\u0022small\u0022 datetime=\u00222026-08-11T07:00:12+02:00\u0022\u003E\n                            11. August 2026 | 07:00 Uhr\n                        \u003C\/time\u003E\n                                                \u003C\/div\u003E\n            \u003C\/a\u003E\n            \u003C\/div\u003E\n            \u003C\/article\u003E\n\n                                                                    \n\n    \u003Carticle class=\u0022col-md-6 col-lg-4 block-tile type-article\u0022\u003E\n                    \u003Cdiv class=\u0022border rounded shadow-sm h-100 flex-column d-flex             bg-primary\n    \u0022\u003E\n                    \u003Ca href=\u0022\/marketing-digitales\/marco-goetz-wechselt-von-discover-zu-eurowings\u0022\u003E\n                            \n                                                                                                                \u003Cfigure class=\u0022alias-article_16x9 img-fluid rounded-top\u0022 \u003E\n                                                                                                            \u003Cimg src=\u0022https:\/\/www.reisevor9.de.dev.xrow.net\/var\/site\/storage\/images\/_aliases\/article_16x9\/3\/6\/4\/4\/3164463-1-ger-DE\/5c0b392a25e7-Marco-Goetz-Discover-Airlines-.jpg\u0022 alt=\u0022G\u00f6tz Marco\u0022 class=\u0022img-fluid\u0022 height=\u0022410\u0022 width=\u0022750\u0022 \/\u003E\n                                                    \u003Cfigcaption\u003E\n                                                                                                                        \u003Cdiv class=\u0022copyright-image text-end text-white pt-1 pe-2 ezrichtext-field\u0022\u003E\u003Cp\u003EDiscover Airlines\u003C\/p\u003E\n\u003C\/div\u003E\n\n                                                                                                                                    \u003C\/figcaption\u003E\n                                            \u003C\/figure\u003E\n                                \n                    \u003Cdiv class=\u0022tile-body flex-grow-1 d-flex flex-column             text-white\n    \u0022\u003E\n                                                                                                    \u003Ch3 class=\u0022h2 flex-grow-1\u0022\u003EMarco G\u00f6tz wechselt von Discover zu Eurowings \u003Cicon class=\u0022fa fa-angle-double-right text-white ms-2\u0022\u003E\u003C\/icon\u003E\u003C\/h3\u003E\n                                    \n                                                    \n                                                            \u003Ctime class=\u0022small\u0022 datetime=\u00222026-08-10T18:19:08+02:00\u0022\u003E\n                            10. August 2026 | 18:19 Uhr\n                        \u003C\/time\u003E\n                                                \u003C\/div\u003E\n            \u003C\/a\u003E\n            \u003C\/div\u003E\n            \u003C\/article\u003E\n\n                                                                    \n\n    \u003Carticle class=\u0022col-md-6 col-lg-4 block-tile type-article\u0022\u003E\n                    \u003Cdiv class=\u0022border rounded shadow-sm h-100 flex-column d-flex    \u0022\u003E\n                    \u003Ca href=\u0022\/marketing-digitales\/lufthansa-stattet-flieger-mit-starlink-internet-aus\u0022\u003E\n                            \n                            \n                    \u003Cdiv class=\u0022tile-body flex-grow-1 d-flex flex-column    \u0022\u003E\n                                                                                                            \u003Ch3 class=\u0022h2\u0022\u003ELufthansa stattet Flieger mit Starlink-Internet aus\u003C\/h3\u003E\n                            \n                                    \n                                                                                    \u003Cp class=\u0022flex-grow-1\u0022\u003E\n                                                        \nDie Lufthansa Group f\u00fchrt das Internetangebot des US-Anbieters Starlink von Elon Musk ein. Am 19. August soll ein Airbus\n                                                            \u0026hellip; \u003Cicon class=\u0022fa fa-angle-double-right ms-1\u0022\u003E\u003C\/icon\u003E\n                                                    \u003C\/p\u003E\n                                    \n                                                            \u003Ctime class=\u0022small\u0022 datetime=\u00222026-08-10T17:48:49+02:00\u0022\u003E\n                            10. August 2026 | 17:48 Uhr\n                        \u003C\/time\u003E\n                                                \u003C\/div\u003E\n            \u003C\/a\u003E\n            \u003C\/div\u003E\n            \u003C\/article\u003E\n\n                                                                    \n\n    \u003Carticle class=\u0022col-md-6 col-lg-4 block-tile type-article\u0022\u003E\n                    \u003Cdiv class=\u0022border rounded shadow-sm h-100 flex-column d-flex    \u0022\u003E\n                    \u003Ca href=\u0022\/marketing-digitales\/betrueger-kapern-hotel-accounts-bei-booking\u0022\u003E\n                            \n                            \n                    \u003Cdiv class=\u0022tile-body flex-grow-1 d-flex flex-column    \u0022\u003E\n                                                                                                            \u003Ch3 class=\u0022h2\u0022\u003EBetr\u00fcger kapern Hotel-Accounts bei Booking\u003C\/h3\u003E\n                            \n                                    \n                                                                                    \u003Cp class=\u0022flex-grow-1\u0022\u003E\n                                                        \nEine betroffene Influencerin hat auf die Betrugsmasche aufmerksam gemacht und Booking best\u00e4tigt aktuelle Phishing-Vorf\u00e4lle\n                                                            \u0026hellip; \u003Cicon class=\u0022fa fa-angle-double-right ms-1\u0022\u003E\u003C\/icon\u003E\n                                                    \u003C\/p\u003E\n                                    \n                                                            \u003Ctime class=\u0022small\u0022 datetime=\u00222026-08-10T07:00:13+02:00\u0022\u003E\n                            10. August 2026 | 07:00 Uhr\n                        \u003C\/time\u003E\n                                                \u003C\/div\u003E\n            \u003C\/a\u003E\n            \u003C\/div\u003E\n            \u003C\/article\u003E\n\n                                                                    \n\n    \u003Carticle class=\u0022col-md-6 col-lg-4 block-tile type-article\u0022\u003E\n                    \u003Cdiv class=\u0022border rounded shadow-sm h-100 flex-column d-flex             bg-primary\n    \u0022\u003E\n                    \u003Ca href=\u0022\/marketing-digitales\/google-ask-maps-plant-hotelsuche-mit-ki\u0022\u003E\n                            \n                                                                                                                \u003Cfigure class=\u0022alias-article_16x9 img-fluid rounded-top\u0022 \u003E\n                                                                                                            \u003Cimg src=\u0022https:\/\/www.reisevor9.de.dev.xrow.net\/var\/site\/storage\/images\/_aliases\/article_16x9\/5\/2\/1\/2\/3162125-1-ger-DE\/f5c1b75378e0-Google-Ask-Google-Maps-Foto-Google.jpg\u0022 alt=\u0022Google Ask Google Maps Foto Google\u0022 class=\u0022img-fluid\u0022 height=\u0022410\u0022 width=\u0022750\u0022 \/\u003E\n                                                    \u003Cfigcaption\u003E\n                                                                                                                        \u003Cdiv class=\u0022copyright-image text-end text-white pt-1 pe-2 ezrichtext-field\u0022\u003E\u003Cp\u003EGoogle\u003C\/p\u003E\n\u003C\/div\u003E\n\n                                                                                                                                    \u003C\/figcaption\u003E\n                                            \u003C\/figure\u003E\n                                \n                    \u003Cdiv class=\u0022tile-body flex-grow-1 d-flex flex-column             text-white\n    \u0022\u003E\n                                                                                                    \u003Ch3 class=\u0022h2 flex-grow-1\u0022\u003EGoogle Ask Maps plant Hotelsuche mit KI \u003Cicon class=\u0022fa fa-angle-double-right text-white ms-2\u0022\u003E\u003C\/icon\u003E\u003C\/h3\u003E\n                                    \n                                                    \n                                                            \u003Ctime class=\u0022small\u0022 datetime=\u00222026-08-08T18:30:55+02:00\u0022\u003E\n                            8. August 2026 | 18:30 Uhr\n                        \u003C\/time\u003E\n                                                \u003C\/div\u003E\n            \u003C\/a\u003E\n            \u003C\/div\u003E\n            \u003C\/article\u003E\n\n                                                                    \n\n    \u003Carticle class=\u0022col-md-6 col-lg-4 block-tile type-article\u0022\u003E\n                    \u003Cdiv class=\u0022border rounded shadow-sm h-100 flex-column d-flex             bg-primary\n    \u0022\u003E\n                    \u003Ca href=\u0022\/marketing-digitales\/umfrage-zeigt-defizite-bei-sicherheit-auf-geschaeftsreisen\u0022\u003E\n                            \n                                                                                                                \u003Cfigure class=\u0022alias-article_16x9 img-fluid rounded-top\u0022 \u003E\n                                                                                                            \u003Cimg src=\u0022https:\/\/www.reisevor9.de.dev.xrow.net\/var\/site\/storage\/images\/_aliases\/article_16x9\/4\/7\/6\/6\/3086674-1-ger-DE\/84f0fb3ebbfc-Gechaeftsreisende-iStock-undrey-1021502842.jpg\u0022 alt=\u0022Gesch\u00e4ftsreisende\u0022 class=\u0022img-fluid\u0022 height=\u0022410\u0022 width=\u0022750\u0022 \/\u003E\n                                                    \u003Cfigcaption\u003E\n                                                                                                                        \u003Cdiv class=\u0022copyright-image text-end text-white pt-1 pe-2 ezrichtext-field\u0022\u003E\u003Cp\u003EiStock\/undrey\u003C\/p\u003E\n\u003C\/div\u003E\n\n                                                                                                                                    \u003C\/figcaption\u003E\n                                            \u003C\/figure\u003E\n                                \n                    \u003Cdiv class=\u0022tile-body flex-grow-1 d-flex flex-column             text-white\n    \u0022\u003E\n                                                                                                    \u003Ch3 class=\u0022h2 flex-grow-1\u0022\u003EUmfrage zeigt Defizite bei Sicherheit auf Gesch\u00e4ftsreisen \u003Cicon class=\u0022fa fa-angle-double-right text-white ms-2\u0022\u003E\u003C\/icon\u003E\u003C\/h3\u003E\n                                    \n                                                    \n                                                            \u003Ctime class=\u0022small\u0022 datetime=\u00222026-08-07T14:50:53+02:00\u0022\u003E\n                            7. August 2026 | 14:50 Uhr\n                        \u003C\/time\u003E\n                                                \u003C\/div\u003E\n            \u003C\/a\u003E\n            \u003C\/div\u003E\n            \u003C\/article\u003E\n\n                                                                    \n\n    \u003Carticle class=\u0022col-md-6 col-lg-4 block-tile type-article\u0022\u003E\n                    \u003Cdiv class=\u0022border rounded shadow-sm h-100 flex-column d-flex             bg-primary\n    \u0022\u003E\n                    \u003Ca href=\u0022\/marketing-digitales\/21-jaehriger-entwickelt-ki-portal-fuer-urlaubsreisen\u0022\u003E\n                            \n                                                                                                                \u003Cfigure class=\u0022alias-article_16x9 img-fluid rounded-top\u0022 \u003E\n                                                                                                            \u003Cimg src=\u0022https:\/\/www.reisevor9.de.dev.xrow.net\/var\/site\/storage\/images\/_aliases\/article_16x9\/2\/4\/0\/1\/3161042-1-ger-DE\/b8b5147a12dd-Neser-Nico-Foto-Tripbot.jpg\u0022 alt=\u0022Neser Nico Foto Tripbot\u0022 class=\u0022img-fluid\u0022 height=\u0022410\u0022 width=\u0022750\u0022 \/\u003E\n                                                    \u003Cfigcaption\u003E\n                                                                                                                        \u003Cdiv class=\u0022copyright-image text-end text-white pt-1 pe-2 ezrichtext-field\u0022\u003E\u003Cp\u003ETripbot\u003C\/p\u003E\n\u003C\/div\u003E\n\n                                                                                                                                    \u003C\/figcaption\u003E\n                                            \u003C\/figure\u003E\n                                \n                    \u003Cdiv class=\u0022tile-body flex-grow-1 d-flex flex-column             text-white\n    \u0022\u003E\n                                                                                                    \u003Ch3 class=\u0022h2 flex-grow-1\u0022\u003E21-J\u00e4hriger entwickelt KI-Portal f\u00fcr Urlaubsreisen \u003Cicon class=\u0022fa fa-angle-double-right text-white ms-2\u0022\u003E\u003C\/icon\u003E\u003C\/h3\u003E\n                                    \n                                                    \n                                                            \u003Ctime class=\u0022small\u0022 datetime=\u00222026-08-07T07:00:13+02:00\u0022\u003E\n                            7. August 2026 | 07:00 Uhr\n                        \u003C\/time\u003E\n                                                \u003C\/div\u003E\n            \u003C\/a\u003E\n            \u003C\/div\u003E\n            \u003C\/article\u003E\n\n                                                                    \n\n    \u003Carticle class=\u0022col-md-6 col-lg-4 block-tile type-article\u0022\u003E\n                    \u003Cdiv class=\u0022border rounded shadow-sm h-100 flex-column d-flex    \u0022\u003E\n                    \u003Ca href=\u0022\/marketing-digitales\/booking-verdient-an-mehr-als-nur-provisionen\u0022\u003E\n                            \n                            \n                    \u003Cdiv class=\u0022tile-body flex-grow-1 d-flex flex-column    \u0022\u003E\n                                                                                                            \u003Ch3 class=\u0022h2\u0022\u003EBooking verdient an mehr als nur Provisionen\u003C\/h3\u003E\n                            \n                                    \n                                                                                    \u003Cp class=\u0022flex-grow-1\u0022\u003E\n                                                        \nDie Debatte um Booking dreht sich oft um Provisionen. Hotelexperte Markus Busch lenkt den Blick auf einen anderen Punkt:\n                                                            \u0026hellip; \u003Cicon class=\u0022fa fa-angle-double-right ms-1\u0022\u003E\u003C\/icon\u003E\n                                                    \u003C\/p\u003E\n                                    \n                                                            \u003Ctime class=\u0022small\u0022 datetime=\u00222026-08-07T07:00:13+02:00\u0022\u003E\n                            7. August 2026 | 07:00 Uhr\n                        \u003C\/time\u003E\n                                                \u003C\/div\u003E\n            \u003C\/a\u003E\n            \u003C\/div\u003E\n            \u003C\/article\u003E\n\n                                                                    \n\n    \u003Carticle class=\u0022col-md-6 col-lg-4 block-tile type-article\u0022\u003E\n                    \u003Cdiv class=\u0022border rounded shadow-sm h-100 flex-column d-flex             bg-primary\n    \u0022\u003E\n                    \u003Ca href=\u0022\/marketing-digitales\/warum-echte-pausen-die-konzentration-verbessern\u0022\u003E\n                            \n                                                                                                                \u003Cfigure class=\u0022alias-article_16x9 img-fluid rounded-top\u0022 \u003E\n                                                                                                            \u003Cimg src=\u0022https:\/\/www.reisevor9.de.dev.xrow.net\/var\/site\/storage\/images\/_aliases\/article_16x9\/3\/5\/3\/1\/3161353-1-ger-DE\/342aeebbda13-Buero-Pause-Dehnuebung-Foto-iStock-Mariia-Vitkovska.jpg\u0022 alt=\u0022B\u00fcro Pause Dehn\u00fcbung Foto iStock Mariia Vitkovska\u0022 class=\u0022img-fluid\u0022 height=\u0022410\u0022 width=\u0022750\u0022 \/\u003E\n                                                    \u003Cfigcaption\u003E\n                                                                                                                        \u003Cdiv class=\u0022copyright-image text-end text-white pt-1 pe-2 ezrichtext-field\u0022\u003E\u003Cp\u003EiStock Mariia Vitkovska\u003C\/p\u003E\n\u003C\/div\u003E\n\n                                                                                                                                    \u003C\/figcaption\u003E\n                                            \u003C\/figure\u003E\n                                \n                    \u003Cdiv class=\u0022tile-body flex-grow-1 d-flex flex-column             text-white\n    \u0022\u003E\n                                                                                                    \u003Ch3 class=\u0022h2 flex-grow-1\u0022\u003EWarum echte Pausen die Konzentration verbessern \u003Cicon class=\u0022fa fa-angle-double-right text-white ms-2\u0022\u003E\u003C\/icon\u003E\u003C\/h3\u003E\n                                    \n                                                    \n                                                            \u003Ctime class=\u0022small\u0022 datetime=\u00222026-08-06T19:02:04+02:00\u0022\u003E\n                            6. August 2026 | 19:02 Uhr\n                        \u003C\/time\u003E\n                                                \u003C\/div\u003E\n            \u003C\/a\u003E\n            \u003C\/div\u003E\n            \u003C\/article\u003E\n\n                                                                    \n\n    \u003Carticle class=\u0022col-md-6 col-lg-4 block-tile type-article\u0022\u003E\n                    \u003Cdiv class=\u0022border rounded shadow-sm h-100 flex-column d-flex             bg-primary\n    \u0022\u003E\n                    \u003Ca href=\u0022\/marketing-digitales\/alpha-verlaesst-reisebueroverbund-vusr\u0022\u003E\n                            \n                                                                                                                \u003Cfigure class=\u0022alias-article_16x9 img-fluid rounded-top\u0022 \u003E\n                                                                                                            \u003Cimg src=\u0022https:\/\/www.reisevor9.de.dev.xrow.net\/var\/site\/storage\/images\/_aliases\/article_16x9\/5\/2\/0\/9\/1259025-1-ger-DE\/K\u00fcndigung iStock Stadtratte-857473288.jpg\u0022 alt=\u0022K\u00fcndigung\u0022 class=\u0022img-fluid\u0022 height=\u0022410\u0022 width=\u0022750\u0022 \/\u003E\n                                                    \u003Cfigcaption\u003E\n                                                                                                                        \u003Cdiv class=\u0022copyright-image text-end text-white pt-1 pe-2 ezrichtext-field\u0022\u003E\u003Cp\u003EiStock\/K\u0026uuml;ndigung\u003C\/p\u003E\n\u003C\/div\u003E\n\n                                                                                                                                    \u003C\/figcaption\u003E\n                                            \u003C\/figure\u003E\n                                \n                    \u003Cdiv class=\u0022tile-body flex-grow-1 d-flex flex-column             text-white\n    \u0022\u003E\n                                                                                                    \u003Ch3 class=\u0022h2 flex-grow-1\u0022\u003EAlpha verl\u00e4sst \u003Cspan class=\u0027hyphen\u0027\u003EReiseb\u00fcroverbund\u003C\/span\u003E VUSR \u003Cicon class=\u0022fa fa-angle-double-right text-white ms-2\u0022\u003E\u003C\/icon\u003E\u003C\/h3\u003E\n                                    \n                                                    \n                                                            \u003Ctime class=\u0022small\u0022 datetime=\u00222026-08-06T07:00:13+02:00\u0022\u003E\n                            6. August 2026 | 07:00 Uhr\n                        \u003C\/time\u003E\n                                                \u003C\/div\u003E\n            \u003C\/a\u003E\n            \u003C\/div\u003E\n            \u003C\/article\u003E\n\n                                                                    \n\n    \u003Carticle class=\u0022col-md-6 col-lg-4 block-tile type-article\u0022\u003E\n                    \u003Cdiv class=\u0022border rounded shadow-sm h-100 flex-column d-flex             bg-primary\n    \u0022\u003E\n                    \u003Ca href=\u0022\/marketing-digitales\/kulinarik-beeinflusst-die-hotelwahl-immer-staerker\u0022\u003E\n                            \n                                                                                                                \u003Cfigure class=\u0022alias-article_16x9 img-fluid rounded-top\u0022 \u003E\n                                                                                                            \u003Cimg src=\u0022https:\/\/www.reisevor9.de.dev.xrow.net\/var\/site\/storage\/images\/_aliases\/article_16x9\/0\/9\/1\/0\/3160190-1-ger-DE\/20466ce523ad-Open-Table-Occhio-d-Oro-Foto-Open-Table-.jpeg\u0022 alt=\u0022Open Table Occhio d\u0026#039;Oro Foto Open Table\u0022 class=\u0022img-fluid\u0022 height=\u0022410\u0022 width=\u0022750\u0022 \/\u003E\n                                                    \u003Cfigcaption\u003E\n                                                                                                                        \u003Cdiv class=\u0022copyright-image text-end text-white pt-1 pe-2 ezrichtext-field\u0022\u003E\u003Cp\u003EOpen Table\u003C\/p\u003E\n\u003C\/div\u003E\n\n                                                                                                                                    \u003C\/figcaption\u003E\n                                            \u003C\/figure\u003E\n                                \n                    \u003Cdiv class=\u0022tile-body flex-grow-1 d-flex flex-column             text-white\n    \u0022\u003E\n                                                                                                    \u003Ch3 class=\u0022h2 flex-grow-1\u0022\u003EKulinarik beeinflusst die Hotelwahl immer st\u00e4rker \u003Cicon class=\u0022fa fa-angle-double-right text-white ms-2\u0022\u003E\u003C\/icon\u003E\u003C\/h3\u003E\n                                    \n                                                    \n                                                            \u003Ctime class=\u0022small\u0022 datetime=\u00222026-08-05T17:38:38+02:00\u0022\u003E\n                            5. August 2026 | 17:38 Uhr\n                        \u003C\/time\u003E\n                                                \u003C\/div\u003E\n            \u003C\/a\u003E\n            \u003C\/div\u003E\n            \u003C\/article\u003E\n\n                                                                    \n\n    \u003Carticle class=\u0022col-md-6 col-lg-4 block-tile type-article\u0022\u003E\n                    \u003Cdiv class=\u0022border rounded shadow-sm h-100 flex-column d-flex             bg-primary\n    \u0022\u003E\n                    \u003Ca href=\u0022\/marketing-digitales\/anex-unterscheidet-bei-provision-tuerkei-und-rest-der-welt\u0022\u003E\n                            \n                                                                                                                \u003Cfigure class=\u0022alias-article_16x9 img-fluid rounded-top\u0022 \u003E\n                                                                                                            \u003Cimg src=\u0022https:\/\/www.reisevor9.de.dev.xrow.net\/var\/site\/storage\/images\/_aliases\/article_16x9\/3\/7\/3\/3\/2593373-1-ger-DE\/f37a9057c17e-iStock-1186775918.jpg\u0022 alt=\u0022Provision Prozent\u0022 class=\u0022img-fluid\u0022 height=\u0022410\u0022 width=\u0022750\u0022 \/\u003E\n                                                    \u003Cfigcaption\u003E\n                                                                                                                        \u003Cdiv class=\u0022copyright-image text-end text-white pt-1 pe-2 ezrichtext-field\u0022\u003E\u003Cp\u003EiStock \/ Devenorr\u003C\/p\u003E\n\u003C\/div\u003E\n\n                                                                                                                                    \u003C\/figcaption\u003E\n                                            \u003C\/figure\u003E\n                                \n                    \u003Cdiv class=\u0022tile-body flex-grow-1 d-flex flex-column             text-white\n    \u0022\u003E\n                                                                                                    \u003Ch3 class=\u0022h2 flex-grow-1\u0022\u003EAnex unterscheidet bei Provision T\u00fcrkei und \u0022Rest der Welt\u0022 \u003Cicon class=\u0022fa fa-angle-double-right text-white ms-2\u0022\u003E\u003C\/icon\u003E\u003C\/h3\u003E\n                                    \n                                                    \n                                                            \u003Ctime class=\u0022small\u0022 datetime=\u00222026-08-05T16:00:18+02:00\u0022\u003E\n                            5. August 2026 | 16:00 Uhr\n                        \u003C\/time\u003E\n                                                \u003C\/div\u003E\n            \u003C\/a\u003E\n            \u003C\/div\u003E\n            \u003C\/article\u003E\n\n                                                                    \n\n    \u003Carticle class=\u0022col-md-6 col-lg-4 block-tile type-article\u0022\u003E\n                    \u003Cdiv class=\u0022border rounded shadow-sm h-100 flex-column d-flex             bg-primary\n    \u0022\u003E\n                    \u003Ca href=\u0022\/marketing-digitales\/touren-und-aktivitaeten-wachsen-staerker-als-der-reisemarkt\u0022\u003E\n                            \n                                                                                                                \u003Cfigure class=\u0022alias-article_16x9 img-fluid rounded-top\u0022 \u003E\n                                                                                                            \u003Cimg src=\u0022https:\/\/www.reisevor9.de.dev.xrow.net\/var\/site\/storage\/images\/_aliases\/article_16x9\/9\/6\/6\/4\/2864669-1-ger-DE\/adcfd9235354-Porto-Moniz_Kayak8-C-Clube-Naval-do-Seixal_MM_kl.jpg\u0022 alt=\u0022Portugal Madeira Aktivit\u00e4ten Kanutour Visit Madeira\/Clube Naval do Seixal\u0022 class=\u0022img-fluid\u0022 height=\u0022410\u0022 width=\u0022750\u0022 \/\u003E\n                                                    \u003Cfigcaption\u003E\n                                                                                                                        \u003Cdiv class=\u0022copyright-image text-end text-white pt-1 pe-2 ezrichtext-field\u0022\u003E\u003Cp\u003EVisit Madeira\/Clube Naval do Seixal\u003C\/p\u003E\n\u003C\/div\u003E\n\n                                                                                                                                    \u003C\/figcaption\u003E\n                                            \u003C\/figure\u003E\n                                \n                    \u003Cdiv class=\u0022tile-body flex-grow-1 d-flex flex-column             text-white\n    \u0022\u003E\n                                                                                                    \u003Ch3 class=\u0022h2 flex-grow-1\u0022\u003ETouren und Aktivit\u00e4ten wachsen st\u00e4rker als der Reisemarkt \u003Cicon class=\u0022fa fa-angle-double-right text-white ms-2\u0022\u003E\u003C\/icon\u003E\u003C\/h3\u003E\n                                    \n                                                    \n                                                            \u003Ctime class=\u0022small\u0022 datetime=\u00222026-08-05T14:19:23+02:00\u0022\u003E\n                            5. August 2026 | 14:19 Uhr\n                        \u003C\/time\u003E\n                                                \u003C\/div\u003E\n            \u003C\/a\u003E\n            \u003C\/div\u003E\n            \u003C\/article\u003E\n\n                                                                    \n\n    \u003Carticle class=\u0022col-md-6 col-lg-4 block-tile type-article\u0022\u003E\n                    \u003Cdiv class=\u0022border rounded shadow-sm h-100 flex-column d-flex    \u0022\u003E\n                    \u003Ca href=\u0022\/marketing-digitales\/hotelroboter-billie-ueberprueft-die-zimmerreinigung\u0022\u003E\n                            \n                            \n                    \u003Cdiv class=\u0022tile-body flex-grow-1 d-flex flex-column    \u0022\u003E\n                                                                                                            \u003Ch3 class=\u0022h2\u0022\u003EHotelroboter Billie \u00fcberpr\u00fcft die Zimmerreinigung\u003C\/h3\u003E\n                            \n                                    \n                                                                                    \u003Cp class=\u0022flex-grow-1\u0022\u003E\n                                                        \nDer humanoide Roboter Billie f\u00e4hrt eigenst\u00e4ndig durch das Seminaris-Seehotel in Potsdam, \u00f6ffnet die Zimmer und macht nach\n                                                            \u0026hellip; \u003Cicon class=\u0022fa fa-angle-double-right ms-1\u0022\u003E\u003C\/icon\u003E\n                                                    \u003C\/p\u003E\n                                    \n                                                            \u003Ctime class=\u0022small\u0022 datetime=\u00222026-08-04T20:35:19+02:00\u0022\u003E\n                            4. August 2026 | 20:35 Uhr\n                        \u003C\/time\u003E\n                                                \u003C\/div\u003E\n            \u003C\/a\u003E\n            \u003C\/div\u003E\n            \u003C\/article\u003E\n\n                                                                    \n\n    \u003Carticle class=\u0022col-md-6 col-lg-4 block-tile type-article\u0022\u003E\n                    \u003Cdiv class=\u0022border rounded shadow-sm h-100 flex-column d-flex    \u0022\u003E\n                    \u003Ca href=\u0022\/marketing-digitales\/neues-kreuzfahrt-event-des-travel-industry-clubs-in-hamburg\u0022\u003E\n                            \n                            \n                    \u003Cdiv class=\u0022tile-body flex-grow-1 d-flex flex-column    \u0022\u003E\n                                                                                                            \u003Ch3 class=\u0022h2\u0022\u003ENeues Kreuzfahrt-Event des Travel Industry Clubs in Hamburg\u003C\/h3\u003E\n                            \n                                    \n                                                                                    \u003Cp class=\u0022flex-grow-1\u0022\u003E\n                                                        \nAm 9. September l\u00e4dt der Travel Industry Club (TIC) zu einem neuen Branchenevent f\u00fcr die Hochseekreuzfahrt-Touristik nach\n                                                            \u0026hellip; \u003Cicon class=\u0022fa fa-angle-double-right ms-1\u0022\u003E\u003C\/icon\u003E\n                                                    \u003C\/p\u003E\n                                    \n                                                            \u003Ctime class=\u0022small\u0022 datetime=\u00222026-08-04T13:37:01+02:00\u0022\u003E\n                            4. August 2026 | 13:37 Uhr\n                        \u003C\/time\u003E\n                                                \u003C\/div\u003E\n            \u003C\/a\u003E\n            \u003C\/div\u003E\n            \u003C\/article\u003E\n\n                                                                    \n\n    \u003Carticle class=\u0022col-md-6 col-lg-4 block-tile type-article\u0022\u003E\n                    \u003Cdiv class=\u0022border rounded shadow-sm h-100 flex-column d-flex    \u0022\u003E\n                    \u003Ca href=\u0022\/marketing-digitales\/btw-und-drv-foerdern-projekt-zur-geschlechtergerechtigkeit\u0022\u003E\n                            \n                            \n                    \u003Cdiv class=\u0022tile-body flex-grow-1 d-flex flex-column    \u0022\u003E\n                                                                                                            \u003Ch3 class=\u0022h2\u0022\u003EBTW und DRV f\u00f6rdern Projekt zur \u003Cspan class=\u0027hyphen\u0027\u003EGeschlechtergerechtigkeit\u003C\/span\u003E\u003C\/h3\u003E\n                            \n                                    \n                                                                                    \u003Cp class=\u0022flex-grow-1\u0022\u003E\n                                                        \nAm Freitag, den 25. September, findet in Berlin das erste Gender Equality Lab der Tourismusbranche statt. Das kostenfreie\n                                                            \u0026hellip; \u003Cicon class=\u0022fa fa-angle-double-right ms-1\u0022\u003E\u003C\/icon\u003E\n                                                    \u003C\/p\u003E\n                                    \n                                                            \u003Ctime class=\u0022small\u0022 datetime=\u00222026-08-03T16:53:26+02:00\u0022\u003E\n                            3. August 2026 | 16:53 Uhr\n                        \u003C\/time\u003E\n                                                \u003C\/div\u003E\n            \u003C\/a\u003E\n            \u003C\/div\u003E\n            \u003C\/article\u003E\n\n                                                                    \n\n    \u003Carticle class=\u0022col-md-6 col-lg-4 block-tile type-article\u0022\u003E\n                    \u003Cdiv class=\u0022border rounded shadow-sm h-100 flex-column d-flex    \u0022\u003E\n                    \u003Ca href=\u0022\/marketing-digitales\/die-schweiz-schickt-urlauber-auf-ueberraschungstour\u0022\u003E\n                            \n                            \n                    \u003Cdiv class=\u0022tile-body flex-grow-1 d-flex flex-column    \u0022\u003E\n                                                                                                            \u003Ch3 class=\u0022h2\u0022\u003EDie Schweiz schickt Urlauber auf \u00dcberraschungstour\u003C\/h3\u003E\n                            \n                                    \n                                                                                    \u003Cp class=\u0022flex-grow-1\u0022\u003E\n                                                        \nDie Schweiz will Besucher mit einem neuen Projekt in weniger bekannte Regionen lenken. Reisende w\u00e4hlen bei der \u0026quot;Swiss Roadtrip\n                                                            \u0026hellip; \u003Cicon class=\u0022fa fa-angle-double-right ms-1\u0022\u003E\u003C\/icon\u003E\n                                                    \u003C\/p\u003E\n                                    \n                                                            \u003Ctime class=\u0022small\u0022 datetime=\u00222026-08-03T16:53:14+02:00\u0022\u003E\n                            3. August 2026 | 16:53 Uhr\n                        \u003C\/time\u003E\n                                                \u003C\/div\u003E\n            \u003C\/a\u003E\n            \u003C\/div\u003E\n            \u003C\/article\u003E\n\n                                                                    \n\n    \u003Carticle class=\u0022col-md-6 col-lg-4 block-tile type-article\u0022\u003E\n                    \u003Cdiv class=\u0022border rounded shadow-sm h-100 flex-column d-flex    \u0022\u003E\n                    \u003Ca href=\u0022\/marketing-digitales\/konfliktfaehigkeit-entscheidet-ueber-den-teamerfolg\u0022\u003E\n                            \n                            \n                    \u003Cdiv class=\u0022tile-body flex-grow-1 d-flex flex-column    \u0022\u003E\n                                                                                                            \u003Ch3 class=\u0022h2\u0022\u003EKonfliktf\u00e4higkeit entscheidet \u00fcber den Teamerfolg\u003C\/h3\u003E\n                            \n                                    \n                                                                                    \u003Cp class=\u0022flex-grow-1\u0022\u003E\n                                                        \nOb Projekte gelingen und Ziele erreicht werden, h\u00e4nge wesentlich davon ab, wie Teams mit schwierigen Gespr\u00e4chen umgehen\n                                                            \u0026hellip; \u003Cicon class=\u0022fa fa-angle-double-right ms-1\u0022\u003E\u003C\/icon\u003E\n                                                    \u003C\/p\u003E\n                                    \n                                                            \u003Ctime class=\u0022small\u0022 datetime=\u00222026-08-03T16:52:50+02:00\u0022\u003E\n                            3. August 2026 | 16:52 Uhr\n                        \u003C\/time\u003E\n                                                \u003C\/div\u003E\n            \u003C\/a\u003E\n            \u003C\/div\u003E\n            \u003C\/article\u003E\n\n                                                                    \n\n    \u003Carticle class=\u0022col-md-6 col-lg-4 block-tile type-article\u0022\u003E\n                    \u003Cdiv class=\u0022border rounded shadow-sm h-100 flex-column d-flex             bg-primary\n    \u0022\u003E\n                    \u003Ca href=\u0022\/marketing-digitales\/get-away-fuehrt-uebernachtungen-und-freizeittickets-zusammen\u0022\u003E\n                            \n                                                                                                                \u003Cfigure class=\u0022alias-article_16x9 img-fluid rounded-top\u0022 \u003E\n                                                                                                            \u003Cimg src=\u0022https:\/\/www.reisevor9.de.dev.xrow.net\/var\/site\/storage\/images\/_aliases\/article_16x9\/8\/3\/6\/6\/3156638-1-ger-DE\/a5f2f0a0879b-Get-Away-Group-Stefanie-Nierhaus-Head-of-Special-Products-Foto-Get-Away-Group.jpg\u0022 alt=\u0022Get Away Group Stefanie Nierhaus Head of Special Products Foto Get Away Group\u0022 class=\u0022img-fluid\u0022 height=\u0022410\u0022 width=\u0022750\u0022 \/\u003E\n                                                    \u003Cfigcaption\u003E\n                                                                                                                        \u003Cdiv class=\u0022copyright-image text-end text-white pt-1 pe-2 ezrichtext-field\u0022\u003E\u003Cp\u003EGet Away Group\u003C\/p\u003E\n\u003C\/div\u003E\n\n                                                                                                                                    \u003C\/figcaption\u003E\n                                            \u003C\/figure\u003E\n                                \n                    \u003Cdiv class=\u0022tile-body flex-grow-1 d-flex flex-column             text-white\n    \u0022\u003E\n                                                                                                    \u003Ch3 class=\u0022h2 flex-grow-1\u0022\u003EGet Away f\u00fchrt \u00dcbernachtungen und Freizeittickets zusammen \u003Cicon class=\u0022fa fa-angle-double-right text-white ms-2\u0022\u003E\u003C\/icon\u003E\u003C\/h3\u003E\n                                    \n                                                    \n                                                            \u003Ctime class=\u0022small\u0022 datetime=\u00222026-08-03T07:00:12+02:00\u0022\u003E\n                            3. August 2026 | 07:00 Uhr\n                        \u003C\/time\u003E\n                                                \u003C\/div\u003E\n            \u003C\/a\u003E\n            \u003C\/div\u003E\n            \u003C\/article\u003E\n\n                                                                    \n\n    \u003Carticle class=\u0022col-md-6 col-lg-4 block-tile type-article\u0022\u003E\n                    \u003Cdiv class=\u0022border rounded shadow-sm h-100 flex-column d-flex    \u0022\u003E\n                    \u003Ca href=\u0022\/marketing-digitales\/mehr-urlauber-teilen-ihre-reisen-in-sozialen-netzwerken\u0022\u003E\n                            \n                            \n                    \u003Cdiv class=\u0022tile-body flex-grow-1 d-flex flex-column    \u0022\u003E\n                                                                                                            \u003Ch3 class=\u0022h2\u0022\u003EMehr Urlauber teilen ihre Reisen in sozialen Netzwerken\u003C\/h3\u003E\n                            \n                                    \n                                                                                    \u003Cp class=\u0022flex-grow-1\u0022\u003E\n                                                        \nF\u00fcr 57 Prozent der Urlauber mit Social-Media-Nutzung geh\u00f6rt das Posten von Bildern und Videos inzwischen zur Reise, bei\n                                                            \u0026hellip; \u003Cicon class=\u0022fa fa-angle-double-right ms-1\u0022\u003E\u003C\/icon\u003E\n                                                    \u003C\/p\u003E\n                                    \n                                                            \u003Ctime class=\u0022small\u0022 datetime=\u00222026-07-31T19:33:37+02:00\u0022\u003E\n                            31. Juli 2026 | 19:33 Uhr\n                        \u003C\/time\u003E\n                                                \u003C\/div\u003E\n            \u003C\/a\u003E\n            \u003C\/div\u003E\n            \u003C\/article\u003E\n\n                                                                    \n\n    \u003Carticle class=\u0022col-md-6 col-lg-4 block-tile type-article\u0022\u003E\n                    \u003Cdiv class=\u0022border rounded shadow-sm h-100 flex-column d-flex    \u0022\u003E\n                    \u003Ca href=\u0022\/marketing-digitales\/warum-reiseexperten-trotz-ki-gefragt-bleiben\u0022\u003E\n                            \n                            \n                    \u003Cdiv class=\u0022tile-body flex-grow-1 d-flex flex-column    \u0022\u003E\n                                                                                                            \u003Ch3 class=\u0022h2\u0022\u003EWarum Reiseexperten trotz KI gefragt bleiben\u003C\/h3\u003E\n                            \n                                    \n                                                                                    \u003Cp class=\u0022flex-grow-1\u0022\u003E\n                                                        \nK\u00fcnstliche Intelligenz beschleunige Kundenservice und Angebotserstellung, liefere teils aber (noch) fehlerhafte Vorschl\u00e4ge\n                                                            \u0026hellip; \u003Cicon class=\u0022fa fa-angle-double-right ms-1\u0022\u003E\u003C\/icon\u003E\n                                                    \u003C\/p\u003E\n                                    \n                                                            \u003Ctime class=\u0022small\u0022 datetime=\u00222026-07-31T19:33:22+02:00\u0022\u003E\n                            31. Juli 2026 | 19:33 Uhr\n                        \u003C\/time\u003E\n                                                \u003C\/div\u003E\n            \u003C\/a\u003E\n            \u003C\/div\u003E\n            \u003C\/article\u003E\n\n                                                                    \n\n    \u003Carticle class=\u0022col-md-6 col-lg-4 block-tile type-article\u0022\u003E\n                    \u003Cdiv class=\u0022border rounded shadow-sm h-100 flex-column d-flex    \u0022\u003E\n                    \u003Ca href=\u0022\/marketing-digitales\/urteil-staerkt-arbeitgeber-bei-anonymen-bewertungen\u0022\u003E\n                            \n                            \n                    \u003Cdiv class=\u0022tile-body flex-grow-1 d-flex flex-column    \u0022\u003E\n                                                                                                            \u003Ch3 class=\u0022h2\u0022\u003EUrteil st\u00e4rkt Arbeitgeber bei anonymen Bewertungen\u003C\/h3\u003E\n                            \n                                    \n                                                                                    \u003Cp class=\u0022flex-grow-1\u0022\u003E\n                                                        \nArbeitgeber k\u00f6nnen nach einem Urteil des Hanseatischen Oberlandesgerichts Hamburg st\u00e4rker gegen anonyme Bewertungen auf\n                                                            \u0026hellip; \u003Cicon class=\u0022fa fa-angle-double-right ms-1\u0022\u003E\u003C\/icon\u003E\n                                                    \u003C\/p\u003E\n                                    \n                                                            \u003Ctime class=\u0022small\u0022 datetime=\u00222026-07-31T07:00:13+02:00\u0022\u003E\n                            31. Juli 2026 | 07:00 Uhr\n                        \u003C\/time\u003E\n                                                \u003C\/div\u003E\n            \u003C\/a\u003E\n            \u003C\/div\u003E\n            \u003C\/article\u003E\n\n                                                                    \n\n    \u003Carticle class=\u0022col-md-6 col-lg-4 block-tile type-article\u0022\u003E\n                    \u003Cdiv class=\u0022border rounded shadow-sm h-100 flex-column d-flex    \u0022\u003E\n                    \u003Ca href=\u0022\/marketing-digitales\/webinar-zeigt-wege-zu-mehr-sichtbarkeit-in-ki-systemen\u0022\u003E\n                            \n                            \n                    \u003Cdiv class=\u0022tile-body flex-grow-1 d-flex flex-column    \u0022\u003E\n                                                                                                            \u003Ch3 class=\u0022h2\u0022\u003EWebinar zeigt Wege zu mehr Sichtbarkeit in KI-Systemen\u003C\/h3\u003E\n                            \n                                    \n                                                                                    \u003Cp class=\u0022flex-grow-1\u0022\u003E\n                                                        \nDas Beraternetzwerk Realizing Progress zeigt am Mittwoch, den 5. August, ab 13 Uhr, wie Reiseb\u00fcros und Veranstalter bei\n                                                            \u0026hellip; \u003Cicon class=\u0022fa fa-angle-double-right ms-1\u0022\u003E\u003C\/icon\u003E\n                                                    \u003C\/p\u003E\n                                    \n                                                            \u003Ctime class=\u0022small\u0022 datetime=\u00222026-07-30T18:47:30+02:00\u0022\u003E\n                            30. Juli 2026 | 18:47 Uhr\n                        \u003C\/time\u003E\n                                                \u003C\/div\u003E\n            \u003C\/a\u003E\n            \u003C\/div\u003E\n            \u003C\/article\u003E\n\n                                                                    \n\n    \u003Carticle class=\u0022col-md-6 col-lg-4 block-tile type-article\u0022\u003E\n                    \u003Cdiv class=\u0022border rounded shadow-sm h-100 flex-column d-flex             bg-primary\n    \u0022\u003E\n                    \u003Ca href=\u0022\/marketing-digitales\/kaus-media-uebernimmt-marketing-fuer-chicago-im-dach-markt\u0022\u003E\n                            \n                                                                                                                \u003Cfigure class=\u0022alias-article_16x9 img-fluid rounded-top\u0022 \u003E\n                                                                                                            \u003Cimg src=\u0022https:\/\/www.reisevor9.de.dev.xrow.net\/var\/site\/storage\/images\/_aliases\/article_16x9\/0\/0\/7\/2\/2932700-1-ger-DE\/5fba7a942624-Chicago-Skyline.jpg\u0022 alt=\u0022Chicago Skyline\u0022 class=\u0022img-fluid\u0022 height=\u0022410\u0022 width=\u0022750\u0022 \/\u003E\n                                                    \u003Cfigcaption\u003E\n                                                                                                                        \u003Cdiv class=\u0022copyright-image text-end text-white pt-1 pe-2 ezrichtext-field\u0022\u003E\u003Cp\u003EReise vor9\u003C\/p\u003E\n\u003C\/div\u003E\n\n                                                                                                                                    \u003C\/figcaption\u003E\n                                            \u003C\/figure\u003E\n                                \n                    \u003Cdiv class=\u0022tile-body flex-grow-1 d-flex flex-column             text-white\n    \u0022\u003E\n                                                                                                    \u003Ch3 class=\u0022h2 flex-grow-1\u0022\u003EKaus Media \u00fcbernimmt Marketing f\u00fcr Chicago im DACH-Markt \u003Cicon class=\u0022fa fa-angle-double-right text-white ms-2\u0022\u003E\u003C\/icon\u003E\u003C\/h3\u003E\n                                    \n                                                    \n                                                            \u003Ctime class=\u0022small\u0022 datetime=\u00222026-07-30T18:46:27+02:00\u0022\u003E\n                            30. Juli 2026 | 18:46 Uhr\n                        \u003C\/time\u003E\n                                                \u003C\/div\u003E\n            \u003C\/a\u003E\n            \u003C\/div\u003E\n            \u003C\/article\u003E\n\n            \n\n    \u003Cdiv class=\u0022col-md-12\u0022\u003E\n        \u003Cul class=\u0022pagination\u0022\u003E\u003Cli class=\u0022page-item prev\u0022\u003E\u003Ca class=\u0022page-link\u0022 href=\u0022\/page\/62\/30\/tile_3col?ad=344\u0026page=1\u0022 rel=\u0022prev\u0022\u003E\u0026larr; Vorherige\u003C\/a\u003E\u003C\/li\u003E\u003Cli class=\u0022page-item\u0022\u003E\u003Ca class=\u0022page-link\u0022 href=\u0022\/page\/62\/30\/tile_3col?ad=344\u0026page=1\u0022\u003E1\u003C\/a\u003E\u003C\/li\u003E\u003Cli class=\u0022page-item active\u0022\u003E\u003Cspan class=\u0022page-link\u0022\u003E2 \u003Cspan class=\u0022sr-only\u0022\u003E(current)\u003C\/span\u003E\u003C\/span\u003E\u003C\/li\u003E\u003Cli class=\u0022page-item\u0022\u003E\u003Ca class=\u0022page-link\u0022 href=\u0022\/page\/62\/30\/tile_3col?ad=344\u0026page=3\u0022\u003E3\u003C\/a\u003E\u003C\/li\u003E\u003Cli class=\u0022page-item\u0022\u003E\u003Ca class=\u0022page-link\u0022 href=\u0022\/page\/62\/30\/tile_3col?ad=344\u0026page=4\u0022\u003E4\u003C\/a\u003E\u003C\/li\u003E\u003Cli class=\u0022page-item\u0022\u003E\u003Ca class=\u0022page-link\u0022 href=\u0022\/page\/62\/30\/tile_3col?ad=344\u0026page=5\u0022\u003E5\u003C\/a\u003E\u003C\/li\u003E\u003Cli class=\u0022page-item\u0022\u003E\u003Ca class=\u0022page-link\u0022 href=\u0022\/page\/62\/30\/tile_3col?ad=344\u0026page=6\u0022\u003E6\u003C\/a\u003E\u003C\/li\u003E\u003Cli class=\u0022page-item\u0022\u003E\u003Ca class=\u0022page-link\u0022 href=\u0022\/page\/62\/30\/tile_3col?ad=344\u0026page=7\u0022\u003E7\u003C\/a\u003E\u003C\/li\u003E\u003Cli class=\u0022page-item disabled\u0022\u003E\u003Cspan class=\u0022page-link\u0022\u003E\u0026hellip;\u003C\/span\u003E\u003C\/li\u003E\u003Cli class=\u0022page-item\u0022\u003E\u003Ca class=\u0022page-link\u0022 href=\u0022\/page\/62\/30\/tile_3col?ad=344\u0026page=875\u0022\u003E875\u003C\/a\u003E\u003C\/li\u003E\u003Cli class=\u0022page-item next\u0022\u003E\u003Ca class=\u0022page-link\u0022 href=\u0022\/page\/62\/30\/tile_3col?ad=344\u0026page=3\u0022 rel=\u0022next\u0022\u003EN\u00e4chste \u0026rarr;\u003C\/a\u003E\u003C\/li\u003E\u003C\/ul\u003E\n    \u003C\/div\u003E\n"}