{"html":"                                                            \n\n    \u003Carticle class=\u0022col-md-6 col-lg-4 block-tile type-article\u0022\u003E\n                    \u003Cdiv class=\u0022border rounded shadow-sm h-100 flex-column d-flex    \u0022\u003E\n                    \u003Ca href=\u0022\/inside\/millionaer-air-berlin-chef-joachim-hunold\u0022\u003E\n                            \n                            \n                    \u003Cdiv class=\u0022tile-body flex-grow-1 d-flex flex-column    \u0022\u003E\n                                                                                                            \u003Ch3 class=\u0022h2\u0022\u003EMillion\u00e4r Air-Berlin-Chef Joachim Hunold\u003C\/h3\u003E\n                            \n                                    \n                                                                                    \u003Cp class=\u0022flex-grow-1\u0022\u003E\n                                                        \nMillion\u00e4r Air-Berlin-Chef Joachim Hunold gibt Einblick ins Leben der Reichen in Deutschland, heute Abend um 21 Uhr im Ersten\n                                                            \u0026hellip; \u003Cicon class=\u0022fa fa-angle-double-right ms-1\u0022\u003E\u003C\/icon\u003E\n                                                    \u003C\/p\u003E\n                                    \n                                                            \u003Ctime class=\u0022small\u0022 datetime=\u00222010-02-22T21:49:00+01:00\u0022\u003E\n                            22. Februar 2010 | 21:49 Uhr\n                        \u003C\/time\u003E\n                                                \u003C\/div\u003E\n            \u003C\/a\u003E\n            \u003C\/div\u003E\n            \u003C\/article\u003E\n\n                                                                    \n\n    \u003Carticle class=\u0022col-md-6 col-lg-4 block-tile type-article\u0022\u003E\n                    \u003Cdiv class=\u0022border rounded shadow-sm h-100 flex-column d-flex    \u0022\u003E\n                    \u003Ca href=\u0022\/inside\/heute-fallen-zwei-drittel-der-lufthansa-fluege-aus\u0022\u003E\n                            \n                            \n                    \u003Cdiv class=\u0022tile-body flex-grow-1 d-flex flex-column    \u0022\u003E\n                                                                                                            \u003Ch3 class=\u0022h2\u0022\u003EHeute fallen zwei Drittel der Lufthansa-Fl\u00fcge aus.\u003C\/h3\u003E\n                            \n                                    \n                                                                                    \u003Cp class=\u0022flex-grow-1\u0022\u003E\n                                                        \nHeute fallen zwei Drittel der Lufthansa-Fl\u00fcge aus. Letzte Versuche gestern, den viert\u00e4gigen Streik der Piloten noch abzuwenden\n                                                            \u0026hellip; \u003Cicon class=\u0022fa fa-angle-double-right ms-1\u0022\u003E\u003C\/icon\u003E\n                                                    \u003C\/p\u003E\n                                    \n                                                            \u003Ctime class=\u0022small\u0022 datetime=\u00222010-02-22T20:31:00+01:00\u0022\u003E\n                            22. Februar 2010 | 20:31 Uhr\n                        \u003C\/time\u003E\n                                                \u003C\/div\u003E\n            \u003C\/a\u003E\n            \u003C\/div\u003E\n            \u003C\/article\u003E\n\n                                                                    \n\n    \u003Carticle class=\u0022col-md-6 col-lg-4 block-tile type-ad\u0022\u003E\n                    \u003Cdiv class=\u0022border rounded shadow-sm h-100 flex-column d-flex\u0022\u003E\n                                \u003Cspan class=\u0022ad-caption py-2 pe-3\u0022\u003EAnzeige\u003C\/span\u003E\n    \n                                \u003Cdiv class=\u0022tile-body\u0022\u003E\n                                                                                                        \u003Ca href=\u0022https:\/\/www.reisevor9.de.dev.xrow.net\/api\/v1\/tracking\/click\/299094\/aHR0cHMlM0ElMkYlMkZ3d3cuY291bnRlcnZvcjkuZGUlMkZ0aGVtZW53b2NoZW4lMkZhLXJvc2EtMjAyNiUyRmJlaW0tcXVpei1taXRtYWNoZW4tdW5kLWVpbmUtcmVpc2UtbWl0LWEtcm9zYS1nZXdpbm5lbg==%3Futm_source=newsletter%26utm_medium=email%26utm_campaign=Beim%20Quiz%20mitmachen%20und%20eine%20Reise%20mit%20A-ROSA%20gewinnen\u0022 rel=\u0022nofollow\u0022 target=\u0022_blank\u0022\u003E\n                                                        \u003Cfigure\u003E\n                                                        \u003Cimg src=\u0022https:\/\/www.reisevor9.de.dev.xrow.net\/api\/v1\/tracking\/view\/299094\/299094\u0022 alt=\u0022\u0022 height=\u0022100%\u0022 width=\u0022100%\u0022 class=\u0022img-fluid\u0022\/\u003E\n\n                                                                    \u003Cfigcaption\u003E\n                                                                                    \u003Cdiv class=\u0022copyright-image text-end ezrichtext-field\u0022\u003E\u003Cp\u003EA-ROSA Flussschiff GmbH\u003C\/p\u003E\n\u003C\/div\u003E\n\n                                                                            \u003C\/figcaption\u003E\n                                                            \u003C\/figure\u003E\n                                                                            \u003C\/a\u003E\n                                            \n                                            \u003Ch3 class=\u0022h2\u0022\u003E\u003Cspan class=\u0022ezstring-field\u0022\u003EBeim Quiz mitmachen und eine Reise mit A-ROSA gewinnen\u003C\/span\u003E\u003C\/h3\u003E\n                        \u003Cdiv class=\u0022mt-2 link-arrow\u0022\u003E\n                            \u003Cp\u003EA\u2011ROSA sowie Reise vor9 und Counter vor9 verlosen eine Flussreise f\u00fcr zwei Personen. Wer zwei Fragen richtig beantwortet, hat die Chance, eine Reise \u00fcber f\u00fcnf N\u00e4chte an Bord eines A\u2011ROSA Schiffes zu gewinnen. Wer die Themenwoche aufmerksam liest, wird keine Probleme haben, die Fragen zu beantworten. \u003Ca href=\u0022https:\/\/www.reisevor9.de.dev.xrow.net\/api\/v1\/tracking\/click\/299094\/aHR0cHMlM0ElMkYlMkZ3d3cuY291bnRlcnZvcjkuZGUlMkZ0aGVtZW53b2NoZW4lMkZhLXJvc2EtMjAyNiUyRmJlaW0tcXVpei1taXRtYWNoZW4tdW5kLWVpbmUtcmVpc2UtbWl0LWEtcm9zYS1nZXdpbm5lbg==%3Futm_source=newsletter%26utm_medium=email%26utm_campaign=Beim%20Quiz%20mitmachen%20und%20eine%20Reise%20mit%20A-ROSA%20gewinnen\u0022 target=\u0022_blank\u0022 rel=\u0022nofollow\u0022\u003ECounter vor9\u003C\/a\u003E\u003C\/p\u003E\n\n                        \u003C\/div\u003E\n                                    \u003C\/div\u003E\n            \n                    \u003C\/div\u003E\n            \u003C\/article\u003E\n\n                                                                    \n\n    \u003Carticle class=\u0022col-md-6 col-lg-4 block-tile type-article\u0022\u003E\n                    \u003Cdiv class=\u0022border rounded shadow-sm h-100 flex-column d-flex    \u0022\u003E\n                    \u003Ca href=\u0022\/inside\/condor-urteil-wird-fuer-alle-airlines-teuer\u0022\u003E\n                            \n                            \n                    \u003Cdiv class=\u0022tile-body flex-grow-1 d-flex flex-column    \u0022\u003E\n                                                                                                            \u003Ch3 class=\u0022h2\u0022\u003ECondor-Urteil wird f\u00fcr alle Airlines teuer:\u003C\/h3\u003E\n                            \n                                    \n                                                                                    \u003Cp class=\u0022flex-grow-1\u0022\u003E\n                                                        \nCondor-Urteil wird f\u00fcr alle Airlines teuer: Der Ferienflieger muss f\u00fcr Versp\u00e4tung wegen technischem Defekt 600 Euro Entsch\u00e4digung\n                                                            \u0026hellip; \u003Cicon class=\u0022fa fa-angle-double-right ms-1\u0022\u003E\u003C\/icon\u003E\n                                                    \u003C\/p\u003E\n                                    \n                                                            \u003Ctime class=\u0022small\u0022 datetime=\u00222010-02-22T20:23:00+01:00\u0022\u003E\n                            22. Februar 2010 | 20:23 Uhr\n                        \u003C\/time\u003E\n                                                \u003C\/div\u003E\n            \u003C\/a\u003E\n            \u003C\/div\u003E\n            \u003C\/article\u003E\n\n                                                                    \n\n    \u003Carticle class=\u0022col-md-6 col-lg-4 block-tile type-article\u0022\u003E\n                    \u003Cdiv class=\u0022border rounded shadow-sm h-100 flex-column d-flex    \u0022\u003E\n                    \u003Ca href=\u0022\/inside\/landegebuehren-in-frankfurt\u0022\u003E\n                            \n                            \n                    \u003Cdiv class=\u0022tile-body flex-grow-1 d-flex flex-column    \u0022\u003E\n                                                                                                            \u003Ch3 class=\u0022h2\u0022\u003ELandegeb\u00fchren in Frankfurt\u003C\/h3\u003E\n                            \n                                    \n                                                                                    \u003Cp class=\u0022flex-grow-1\u0022\u003E\n                                                        \nLandegeb\u00fchren in Frankfurt werden nach Einigung mit Airlines deutlich steigen, bis Ende n\u00e4chsten Jahres um 13 Prozent\n                                                            \u0026hellip; \u003Cicon class=\u0022fa fa-angle-double-right ms-1\u0022\u003E\u003C\/icon\u003E\n                                                    \u003C\/p\u003E\n                                    \n                                                            \u003Ctime class=\u0022small\u0022 datetime=\u00222010-02-22T20:12:00+01:00\u0022\u003E\n                            22. Februar 2010 | 20:12 Uhr\n                        \u003C\/time\u003E\n                                                \u003C\/div\u003E\n            \u003C\/a\u003E\n            \u003C\/div\u003E\n            \u003C\/article\u003E\n\n                                                                    \n\n    \u003Carticle class=\u0022col-md-6 col-lg-4 block-tile type-article\u0022\u003E\n                    \u003Cdiv class=\u0022border rounded shadow-sm h-100 flex-column d-flex    \u0022\u003E\n                    \u003Ca href=\u0022\/inside\/vier-von-fuenf-hotelbewertungen-sind-positiv\u0022\u003E\n                            \n                            \n                    \u003Cdiv class=\u0022tile-body flex-grow-1 d-flex flex-column    \u0022\u003E\n                                                                                                            \u003Ch3 class=\u0022h2\u0022\u003EVier von f\u00fcnf Hotelbewertungen sind positiv,\u003C\/h3\u003E\n                            \n                                    \n                                                                                    \u003Cp class=\u0022flex-grow-1\u0022\u003E\n                                                        \nVier von f\u00fcnf Hotelbewertungen sind positiv, behauptet die Meta- Suchmaschine \u0026quot;Trust you\u0026quot; nach Auswertung von 25 Millionen\n                                                            \u0026hellip; \u003Cicon class=\u0022fa fa-angle-double-right ms-1\u0022\u003E\u003C\/icon\u003E\n                                                    \u003C\/p\u003E\n                                    \n                                                            \u003Ctime class=\u0022small\u0022 datetime=\u00222010-02-22T19:03:00+01:00\u0022\u003E\n                            22. Februar 2010 | 19:03 Uhr\n                        \u003C\/time\u003E\n                                                \u003C\/div\u003E\n            \u003C\/a\u003E\n            \u003C\/div\u003E\n            \u003C\/article\u003E\n\n                                                                    \n\n    \u003Carticle class=\u0022col-md-6 col-lg-4 block-tile type-article\u0022\u003E\n                    \u003Cdiv class=\u0022border rounded shadow-sm h-100 flex-column d-flex    \u0022\u003E\n                    \u003Ca href=\u0022\/inside\/airbus-und-boeing-werden-jets-nicht-los\u0022\u003E\n                            \n                            \n                    \u003Cdiv class=\u0022tile-body flex-grow-1 d-flex flex-column    \u0022\u003E\n                                                                                                            \u003Ch3 class=\u0022h2\u0022\u003EAirbus und Boeing werden Jets nicht los:\u003C\/h3\u003E\n                            \n                                    \n                                                                                    \u003Cp class=\u0022flex-grow-1\u0022\u003E\n                                                        \nAirbus und Boeing werden Jets nicht los: Airbus streckt Auslieferung von 600 Maschinen \u00fcber anderthalb Jahre, Boeing muss\n                                                            \u0026hellip; \u003Cicon class=\u0022fa fa-angle-double-right ms-1\u0022\u003E\u003C\/icon\u003E\n                                                    \u003C\/p\u003E\n                                    \n                                                            \u003Ctime class=\u0022small\u0022 datetime=\u00222010-02-22T14:20:00+01:00\u0022\u003E\n                            22. Februar 2010 | 14:20 Uhr\n                        \u003C\/time\u003E\n                                                \u003C\/div\u003E\n            \u003C\/a\u003E\n            \u003C\/div\u003E\n            \u003C\/article\u003E\n\n                                                                    \n\n    \u003Carticle class=\u0022col-md-6 col-lg-4 block-tile type-article\u0022\u003E\n                    \u003Cdiv class=\u0022border rounded shadow-sm h-100 flex-column d-flex    \u0022\u003E\n                    \u003Ca href=\u0022\/inside\/doch-verdacht-auf-pfusch-an-ice-trasse-nuernberg-muenchen\u0022\u003E\n                            \n                            \n                    \u003Cdiv class=\u0022tile-body flex-grow-1 d-flex flex-column    \u0022\u003E\n                                                                                                            \u003Ch3 class=\u0022h2\u0022\u003EDoch Verdacht auf Pfusch an ICE-Trasse N\u00fcrnberg-M\u00fcnchen,\u003C\/h3\u003E\n                            \n                                    \n                                                                                    \u003Cp class=\u0022flex-grow-1\u0022\u003E\n                                                        \nDoch Verdacht auf Pfusch an ICE-Trasse N\u00fcrnberg-M\u00fcnchen, schreibt die S\u00fcddeutsche mit ihren guten Dr\u00e4hten zur Bahn. Die\n                                                            \u0026hellip; \u003Cicon class=\u0022fa fa-angle-double-right ms-1\u0022\u003E\u003C\/icon\u003E\n                                                    \u003C\/p\u003E\n                                    \n                                                            \u003Ctime class=\u0022small\u0022 datetime=\u00222010-02-22T07:49:00+01:00\u0022\u003E\n                            22. Februar 2010 | 07:49 Uhr\n                        \u003C\/time\u003E\n                                                \u003C\/div\u003E\n            \u003C\/a\u003E\n            \u003C\/div\u003E\n            \u003C\/article\u003E\n\n                                                                    \n\n    \u003Carticle class=\u0022col-md-6 col-lg-4 block-tile type-article\u0022\u003E\n                    \u003Cdiv class=\u0022border rounded shadow-sm h-100 flex-column d-flex    \u0022\u003E\n                    \u003Ca href=\u0022\/inside\/tui-ag-dementiert-gelueste-auf-tui-travel-plc\u0022\u003E\n                            \n                            \n                    \u003Cdiv class=\u0022tile-body flex-grow-1 d-flex flex-column    \u0022\u003E\n                                                                                                            \u003Ch3 class=\u0022h2\u0022\u003ETUI AG dementiert Gel\u00fcste auf TUI Travel Plc,\u003C\/h3\u003E\n                            \n                                    \n                                                                                    \u003Cp class=\u0022flex-grow-1\u0022\u003E\n                                                        \nTUI AG dementiert Gel\u00fcste auf TUI Travel Plc, wonach die AG mit Banken \u00fcber die Komplett\u00fcbernahme rede (jetzt 52%). finanznachrichten.de\n                                                            \u0026hellip; \u003Cicon class=\u0022fa fa-angle-double-right ms-1\u0022\u003E\u003C\/icon\u003E\n                                                    \u003C\/p\u003E\n                                    \n                                                            \u003Ctime class=\u0022small\u0022 datetime=\u00222010-02-22T06:42:00+01:00\u0022\u003E\n                            22. Februar 2010 | 06:42 Uhr\n                        \u003C\/time\u003E\n                                                \u003C\/div\u003E\n            \u003C\/a\u003E\n            \u003C\/div\u003E\n            \u003C\/article\u003E\n\n                                                                    \n\n    \u003Carticle class=\u0022col-md-6 col-lg-4 block-tile type-article\u0022\u003E\n                    \u003Cdiv class=\u0022border rounded shadow-sm h-100 flex-column d-flex    \u0022\u003E\n                    \u003Ca href=\u0022\/inside\/lufthansa-chef-mayrhuber-soll-laenger-im-amt-bleiben\u0022\u003E\n                            \n                            \n                    \u003Cdiv class=\u0022tile-body flex-grow-1 d-flex flex-column    \u0022\u003E\n                                                                                                            \u003Ch3 class=\u0022h2\u0022\u003ELufthansa-Chef Mayrhuber soll l\u00e4nger im Amt bleiben.\u003C\/h3\u003E\n                            \n                                    \n                                                                                    \u003Cp class=\u0022flex-grow-1\u0022\u003E\n                                                        \nLufthansa-Chef Mayrhuber soll l\u00e4nger im Amt bleiben. Von einem Zusammenhang mit dem geplanten Umbau des Konzerns und dem\n                                                            \u0026hellip; \u003Cicon class=\u0022fa fa-angle-double-right ms-1\u0022\u003E\u003C\/icon\u003E\n                                                    \u003C\/p\u003E\n                                    \n                                                            \u003Ctime class=\u0022small\u0022 datetime=\u00222010-02-19T21:01:00+01:00\u0022\u003E\n                            19. Februar 2010 | 21:01 Uhr\n                        \u003C\/time\u003E\n                                                \u003C\/div\u003E\n            \u003C\/a\u003E\n            \u003C\/div\u003E\n            \u003C\/article\u003E\n\n                                                                    \n\n    \u003Carticle class=\u0022col-md-6 col-lg-4 block-tile type-article\u0022\u003E\n                    \u003Cdiv class=\u0022border rounded shadow-sm h-100 flex-column d-flex    \u0022\u003E\n                    \u003Ca href=\u0022\/inside\/ice-ausfaelle-ein-dauerzustand\u0022\u003E\n                            \n                            \n                    \u003Cdiv class=\u0022tile-body flex-grow-1 d-flex flex-column    \u0022\u003E\n                                                                                                            \u003Ch3 class=\u0022h2\u0022\u003EICE-Ausf\u00e4lle ein Dauerzustand:\u003C\/h3\u003E\n                            \n                                    \n                                                                                    \u003Cp class=\u0022flex-grow-1\u0022\u003E\n                                                        \nICE-Ausf\u00e4lle ein Dauerzustand: Die Probleme mit den Achsen werden die Bahn noch mindestens zwei Jahre besch\u00e4ftigen. Chef\n                                                            \u0026hellip; \u003Cicon class=\u0022fa fa-angle-double-right ms-1\u0022\u003E\u003C\/icon\u003E\n                                                    \u003C\/p\u003E\n                                    \n                                                            \u003Ctime class=\u0022small\u0022 datetime=\u00222010-02-19T20:49:00+01:00\u0022\u003E\n                            19. Februar 2010 | 20:49 Uhr\n                        \u003C\/time\u003E\n                                                \u003C\/div\u003E\n            \u003C\/a\u003E\n            \u003C\/div\u003E\n            \u003C\/article\u003E\n\n                                                                    \n\n    \u003Carticle class=\u0022col-md-6 col-lg-4 block-tile type-article\u0022\u003E\n                    \u003Cdiv class=\u0022border rounded shadow-sm h-100 flex-column d-flex    \u0022\u003E\n                    \u003Ca href=\u0022\/inside\/weniger-flugunfaelle\u0022\u003E\n                            \n                            \n                    \u003Cdiv class=\u0022tile-body flex-grow-1 d-flex flex-column    \u0022\u003E\n                                                                                                            \u003Ch3 class=\u0022h2\u0022\u003EWeniger Flugunf\u00e4lle:\u003C\/h3\u003E\n                            \n                                    \n                                                                                    \u003Cp class=\u0022flex-grow-1\u0022\u003E\n                                                        \nWeniger Flugunf\u00e4lle: Nach IATA-Statistik war 2009 das zweitsicherste Jahr in der Geschichte der Luftfahrt. Auf 1,4 Millionen\n                                                            \u0026hellip; \u003Cicon class=\u0022fa fa-angle-double-right ms-1\u0022\u003E\u003C\/icon\u003E\n                                                    \u003C\/p\u003E\n                                    \n                                                            \u003Ctime class=\u0022small\u0022 datetime=\u00222010-02-19T20:43:00+01:00\u0022\u003E\n                            19. Februar 2010 | 20:43 Uhr\n                        \u003C\/time\u003E\n                                                \u003C\/div\u003E\n            \u003C\/a\u003E\n            \u003C\/div\u003E\n            \u003C\/article\u003E\n\n                                                                    \n\n    \u003Carticle class=\u0022col-md-6 col-lg-4 block-tile type-article\u0022\u003E\n                    \u003Cdiv class=\u0022border rounded shadow-sm h-100 flex-column d-flex    \u0022\u003E\n                    \u003Ca href=\u0022\/inside\/american-airlines-muss-wegen-sicherheitsmaengeln\u0022\u003E\n                            \n                            \n                    \u003Cdiv class=\u0022tile-body flex-grow-1 d-flex flex-column    \u0022\u003E\n                                                                                                            \u003Ch3 class=\u0022h2\u0022\u003EAmerican Airlines muss wegen \u003Cspan class=\u0027hyphen\u0027\u003ESicherheitsm\u00e4ngeln\u003C\/span\u003E\u003C\/h3\u003E\n                            \n                                    \n                                                                                    \u003Cp class=\u0022flex-grow-1\u0022\u003E\n                                                        \nAmerican Airlines muss wegen Sicherheitsm\u00e4ngeln ihrer Regionaltochter American Eagle 2,9 Mio. Dollar Strafe zahlen. airline-bewertungen.de\n                                                            \u0026hellip; \u003Cicon class=\u0022fa fa-angle-double-right ms-1\u0022\u003E\u003C\/icon\u003E\n                                                    \u003C\/p\u003E\n                                    \n                                                            \u003Ctime class=\u0022small\u0022 datetime=\u00222010-02-19T20:39:00+01:00\u0022\u003E\n                            19. Februar 2010 | 20:39 Uhr\n                        \u003C\/time\u003E\n                                                \u003C\/div\u003E\n            \u003C\/a\u003E\n            \u003C\/div\u003E\n            \u003C\/article\u003E\n\n                                                                    \n\n    \u003Carticle class=\u0022col-md-6 col-lg-4 block-tile type-article\u0022\u003E\n                    \u003Cdiv class=\u0022border rounded shadow-sm h-100 flex-column d-flex    \u0022\u003E\n                    \u003Ca href=\u0022\/inside\/schluss-mit-kreuzfahrt-dumping\u0022\u003E\n                            \n                            \n                    \u003Cdiv class=\u0022tile-body flex-grow-1 d-flex flex-column    \u0022\u003E\n                                                                                                            \u003Ch3 class=\u0022h2\u0022\u003ESchluss mit Kreuzfahrt-Dumping?\u003C\/h3\u003E\n                            \n                                    \n                                                                                    \u003Cp class=\u0022flex-grow-1\u0022\u003E\n                                                        \nSchluss mit Kreuzfahrt-Dumping? Die Reedereien wollen die Turns dieses Jahr nicht mehr verschleudern, haben sich die gro\u00dfen\n                                                            \u0026hellip; \u003Cicon class=\u0022fa fa-angle-double-right ms-1\u0022\u003E\u003C\/icon\u003E\n                                                    \u003C\/p\u003E\n                                    \n                                                            \u003Ctime class=\u0022small\u0022 datetime=\u00222010-02-19T19:14:00+01:00\u0022\u003E\n                            19. Februar 2010 | 19:14 Uhr\n                        \u003C\/time\u003E\n                                                \u003C\/div\u003E\n            \u003C\/a\u003E\n            \u003C\/div\u003E\n            \u003C\/article\u003E\n\n                                                                    \n\n    \u003Carticle class=\u0022col-md-6 col-lg-4 block-tile type-article\u0022\u003E\n                    \u003Cdiv class=\u0022border rounded shadow-sm h-100 flex-column d-flex    \u0022\u003E\n                    \u003Ca href=\u0022\/inside\/ex-cook-chef-stefan-pichler-auf-itb-aviation-day\u0022\u003E\n                            \n                            \n                    \u003Cdiv class=\u0022tile-body flex-grow-1 d-flex flex-column    \u0022\u003E\n                                                                                                            \u003Ch3 class=\u0022h2\u0022\u003EEx-Cook-Chef Stefan Pichler auf ITB-Aviation Day.\u003C\/h3\u003E\n                            \n                                    \n                                                                                    \u003Cp class=\u0022flex-grow-1\u0022\u003E\n                                                        \nEx-Cook-Chef Stefan Pichler auf ITB-Aviation Day. Der heutige CEO des Golf-Billigfliegers Jazeera Airways diskutiert mit\n                                                            \u0026hellip; \u003Cicon class=\u0022fa fa-angle-double-right ms-1\u0022\u003E\u003C\/icon\u003E\n                                                    \u003C\/p\u003E\n                                    \n                                                            \u003Ctime class=\u0022small\u0022 datetime=\u00222010-02-19T07:16:00+01:00\u0022\u003E\n                            19. Februar 2010 | 07:16 Uhr\n                        \u003C\/time\u003E\n                                                \u003C\/div\u003E\n            \u003C\/a\u003E\n            \u003C\/div\u003E\n            \u003C\/article\u003E\n\n                                                                    \n\n    \u003Carticle class=\u0022col-md-6 col-lg-4 block-tile type-article\u0022\u003E\n                    \u003Cdiv class=\u0022border rounded shadow-sm h-100 flex-column d-flex    \u0022\u003E\n                    \u003Ca href=\u0022\/inside\/air-berlin-integriert-niki\u0022\u003E\n                            \n                            \n                    \u003Cdiv class=\u0022tile-body flex-grow-1 d-flex flex-column    \u0022\u003E\n                                                                                                            \u003Ch3 class=\u0022h2\u0022\u003EAir Berlin integriert Niki.\u003C\/h3\u003E\n                            \n                                    \n                                                                                    \u003Cp class=\u0022flex-grow-1\u0022\u003E\n                                                        \nAir Berlin integriert Niki. F\u00fcr 21 Millionen Euro kaufen die Berliner zun\u00e4chst weitere 25 Prozent des Lauda-Fliegers (dann\n                                                            \u0026hellip; \u003Cicon class=\u0022fa fa-angle-double-right ms-1\u0022\u003E\u003C\/icon\u003E\n                                                    \u003C\/p\u003E\n                                    \n                                                            \u003Ctime class=\u0022small\u0022 datetime=\u00222010-02-18T22:40:00+01:00\u0022\u003E\n                            18. Februar 2010 | 22:40 Uhr\n                        \u003C\/time\u003E\n                                                \u003C\/div\u003E\n            \u003C\/a\u003E\n            \u003C\/div\u003E\n            \u003C\/article\u003E\n\n                                                                    \n\n    \u003Carticle class=\u0022col-md-6 col-lg-4 block-tile type-article\u0022\u003E\n                    \u003Cdiv class=\u0022border rounded shadow-sm h-100 flex-column d-flex    \u0022\u003E\n                    \u003Ca href=\u0022\/inside\/feueralarm-in-tui-jet-am-airport-duesseldorf\u0022\u003E\n                            \n                            \n                    \u003Cdiv class=\u0022tile-body flex-grow-1 d-flex flex-column    \u0022\u003E\n                                                                                                            \u003Ch3 class=\u0022h2\u0022\u003EFeueralarm in TUI-Jet am Airport D\u00fcsseldorf\u003C\/h3\u003E\n                            \n                                    \n                                                                                    \u003Cp class=\u0022flex-grow-1\u0022\u003E\n                                                        \nFeueralarm in TUI-Jet am Airport D\u00fcsseldorf legt Flugverkehr kurzfristig lahm, entpuppt sich aber als Falschmeldung eines\n                                                            \u0026hellip; \u003Cicon class=\u0022fa fa-angle-double-right ms-1\u0022\u003E\u003C\/icon\u003E\n                                                    \u003C\/p\u003E\n                                    \n                                                            \u003Ctime class=\u0022small\u0022 datetime=\u00222010-02-18T21:30:00+01:00\u0022\u003E\n                            18. Februar 2010 | 21:30 Uhr\n                        \u003C\/time\u003E\n                                                \u003C\/div\u003E\n            \u003C\/a\u003E\n            \u003C\/div\u003E\n            \u003C\/article\u003E\n\n                                                                    \n\n    \u003Carticle class=\u0022col-md-6 col-lg-4 block-tile type-article\u0022\u003E\n                    \u003Cdiv class=\u0022border rounded shadow-sm h-100 flex-column d-flex    \u0022\u003E\n                    \u003Ca href=\u0022\/inside\/flaute-in-deutscher-hotellerie\u0022\u003E\n                            \n                            \n                    \u003Cdiv class=\u0022tile-body flex-grow-1 d-flex flex-column    \u0022\u003E\n                                                                                                            \u003Ch3 class=\u0022h2\u0022\u003EFlaute in deutscher Hotellerie\u003C\/h3\u003E\n                            \n                                    \n                                                                                    \u003Cp class=\u0022flex-grow-1\u0022\u003E\n                                                        \nFlaute in deutscher Hotellerie f\u00e4llt mit Umsatzr\u00fcckgang von sechs Prozent 2009 vergleichsweise harmlos aus. Dehoga-Verbandspr\u00e4sident\n                                                            \u0026hellip; \u003Cicon class=\u0022fa fa-angle-double-right ms-1\u0022\u003E\u003C\/icon\u003E\n                                                    \u003C\/p\u003E\n                                    \n                                                            \u003Ctime class=\u0022small\u0022 datetime=\u00222010-02-18T21:20:00+01:00\u0022\u003E\n                            18. Februar 2010 | 21:20 Uhr\n                        \u003C\/time\u003E\n                                                \u003C\/div\u003E\n            \u003C\/a\u003E\n            \u003C\/div\u003E\n            \u003C\/article\u003E\n\n                                                                    \n\n    \u003Carticle class=\u0022col-md-6 col-lg-4 block-tile type-article\u0022\u003E\n                    \u003Cdiv class=\u0022border rounded shadow-sm h-100 flex-column d-flex    \u0022\u003E\n                    \u003Ca href=\u0022\/inside\/lufthansa-will-streik-abwenden.\u0022\u003E\n                            \n                            \n                    \u003Cdiv class=\u0022tile-body flex-grow-1 d-flex flex-column    \u0022\u003E\n                                                                                                            \u003Ch3 class=\u0022h2\u0022\u003ELufthansa will Streik abwenden.\u003C\/h3\u003E\n                            \n                                    \n                                                                                    \u003Cp class=\u0022flex-grow-1\u0022\u003E\n                                                        \nLufthansa will Streik abwenden. 100 Mio. Euro Umsatzausfall, Tausende gestrichener Fl\u00fcge, Hunderttausende gestrandeter\n                                                            \u0026hellip; \u003Cicon class=\u0022fa fa-angle-double-right ms-1\u0022\u003E\u003C\/icon\u003E\n                                                    \u003C\/p\u003E\n                                    \n                                                            \u003Ctime class=\u0022small\u0022 datetime=\u00222010-02-18T21:04:00+01:00\u0022\u003E\n                            18. Februar 2010 | 21:04 Uhr\n                        \u003C\/time\u003E\n                                                \u003C\/div\u003E\n            \u003C\/a\u003E\n            \u003C\/div\u003E\n            \u003C\/article\u003E\n\n                                                                    \n\n    \u003Carticle class=\u0022col-md-6 col-lg-4 block-tile type-article\u0022\u003E\n                    \u003Cdiv class=\u0022border rounded shadow-sm h-100 flex-column d-flex    \u0022\u003E\n                    \u003Ca href=\u0022\/inside\/eisige-stimmung-bei-tui-hauptversammlung\u0022\u003E\n                            \n                            \n                    \u003Cdiv class=\u0022tile-body flex-grow-1 d-flex flex-column    \u0022\u003E\n                                                                                                            \u003Ch3 class=\u0022h2\u0022\u003EEisige Stimmung bei TUI-Hauptversammlung\u003C\/h3\u003E\n                            \n                                    \n                                                                                    \u003Cp class=\u0022flex-grow-1\u0022\u003E\n                                                        \nEisige Stimmung bei TUI-Hauptversammlung mit 2000 Aktion\u00e4ren: Dividende gab\u0026#039;s dieses Jahr keine. Dass das Reisegesch\u00e4ft\n                                                            \u0026hellip; \u003Cicon class=\u0022fa fa-angle-double-right ms-1\u0022\u003E\u003C\/icon\u003E\n                                                    \u003C\/p\u003E\n                                    \n                                                            \u003Ctime class=\u0022small\u0022 datetime=\u00222010-02-18T20:43:00+01:00\u0022\u003E\n                            18. Februar 2010 | 20:43 Uhr\n                        \u003C\/time\u003E\n                                                \u003C\/div\u003E\n            \u003C\/a\u003E\n            \u003C\/div\u003E\n            \u003C\/article\u003E\n\n                                                                    \n\n    \u003Carticle class=\u0022col-md-6 col-lg-4 block-tile type-article\u0022\u003E\n                    \u003Cdiv class=\u0022border rounded shadow-sm h-100 flex-column d-flex    \u0022\u003E\n                    \u003Ca href=\u0022\/inside\/luftfahrt-stuerzt-ab\u0022\u003E\n                            \n                            \n                    \u003Cdiv class=\u0022tile-body flex-grow-1 d-flex flex-column    \u0022\u003E\n                                                                                                            \u003Ch3 class=\u0022h2\u0022\u003ELuftfahrt st\u00fcrzt ab:\u003C\/h3\u003E\n                            \n                                    \n                                                                                    \u003Cp class=\u0022flex-grow-1\u0022\u003E\n                                                        \nLuftfahrt st\u00fcrzt ab: Deutsche Flugh\u00e4fen haben 2009 mit 7,5 Mio. R\u00fcckgang so viele Passagiere verloren wie noch nie. manager-magazin.de\n                                                            \u0026hellip; \u003Cicon class=\u0022fa fa-angle-double-right ms-1\u0022\u003E\u003C\/icon\u003E\n                                                    \u003C\/p\u003E\n                                    \n                                                            \u003Ctime class=\u0022small\u0022 datetime=\u00222010-02-18T12:39:00+01:00\u0022\u003E\n                            18. Februar 2010 | 12:39 Uhr\n                        \u003C\/time\u003E\n                                                \u003C\/div\u003E\n            \u003C\/a\u003E\n            \u003C\/div\u003E\n            \u003C\/article\u003E\n\n                                                                    \n\n    \u003Carticle class=\u0022col-md-6 col-lg-4 block-tile type-article\u0022\u003E\n                    \u003Cdiv class=\u0022border rounded shadow-sm h-100 flex-column d-flex    \u0022\u003E\n                    \u003Ca href=\u0022\/inside\/cwt-mit-23-prozent-umsatzeinbruch\u0022\u003E\n                            \n                            \n                    \u003Cdiv class=\u0022tile-body flex-grow-1 d-flex flex-column    \u0022\u003E\n                                                                                                            \u003Ch3 class=\u0022h2\u0022\u003ECWT mit 23 Prozent Umsatzeinbruch.\u003C\/h3\u003E\n                            \n                                    \n                                                                                    \u003Cp class=\u0022flex-grow-1\u0022\u003E\n                                                        \nCWT mit 23 Prozent Umsatzeinbruch. Chef Douglas Anderson hofft 2010 auf eine Erholung des Gesch\u00e4ftsreiseanbieters. travelweekly.com\n                                                            \u0026hellip; \u003Cicon class=\u0022fa fa-angle-double-right ms-1\u0022\u003E\u003C\/icon\u003E\n                                                    \u003C\/p\u003E\n                                    \n                                                            \u003Ctime class=\u0022small\u0022 datetime=\u00222010-02-18T07:03:00+01:00\u0022\u003E\n                            18. Februar 2010 | 07:03 Uhr\n                        \u003C\/time\u003E\n                                                \u003C\/div\u003E\n            \u003C\/a\u003E\n            \u003C\/div\u003E\n            \u003C\/article\u003E\n\n                                                                    \n\n    \u003Carticle class=\u0022col-md-6 col-lg-4 block-tile type-article\u0022\u003E\n                    \u003Cdiv class=\u0022border rounded shadow-sm h-100 flex-column d-flex    \u0022\u003E\n                    \u003Ca href=\u0022\/inside\/die-eu-will-die-pauschalreiserichtlinie-erneuern\u0022\u003E\n                            \n                            \n                    \u003Cdiv class=\u0022tile-body flex-grow-1 d-flex flex-column    \u0022\u003E\n                                                                                                            \u003Ch3 class=\u0022h2\u0022\u003EDie EU will die \u003Cspan class=\u0027hyphen\u0027\u003EPauschalreiserichtlinie\u003C\/span\u003E erneuern\u003C\/h3\u003E\n                            \n                                    \n                                                                                    \u003Cp class=\u0022flex-grow-1\u0022\u003E\n                                                        \nDie EU will die Pauschalreiserichtlinie erneuern und erweitern. Der Deutsche Reiseverband versucht die B\u00fcrokraten zu bremsen\n                                                            \u0026hellip; \u003Cicon class=\u0022fa fa-angle-double-right ms-1\u0022\u003E\u003C\/icon\u003E\n                                                    \u003C\/p\u003E\n                                    \n                                                            \u003Ctime class=\u0022small\u0022 datetime=\u00222010-02-17T22:07:00+01:00\u0022\u003E\n                            17. Februar 2010 | 22:07 Uhr\n                        \u003C\/time\u003E\n                                                \u003C\/div\u003E\n            \u003C\/a\u003E\n            \u003C\/div\u003E\n            \u003C\/article\u003E\n\n                                                                    \n\n    \u003Carticle class=\u0022col-md-6 col-lg-4 block-tile type-article\u0022\u003E\n                    \u003Cdiv class=\u0022border rounded shadow-sm h-100 flex-column d-flex    \u0022\u003E\n                    \u003Ca href=\u0022\/inside\/lufthansa-drohen-streiks\u0022\u003E\n                            \n                            \n                    \u003Cdiv class=\u0022tile-body flex-grow-1 d-flex flex-column    \u0022\u003E\n                                                                                                            \u003Ch3 class=\u0022h2\u0022\u003ELufthansa drohen Streiks:\u003C\/h3\u003E\n                            \n                                    \n                                                                                    \u003Cp class=\u0022flex-grow-1\u0022\u003E\n                                                        \nLufthansa drohen Streiks: Heute will die Vereinigung Cockpit das Ergebnis der Urabstimmung bekannt geben. Die Piloten stemmen\n                                                            \u0026hellip; \u003Cicon class=\u0022fa fa-angle-double-right ms-1\u0022\u003E\u003C\/icon\u003E\n                                                    \u003C\/p\u003E\n                                    \n                                                            \u003Ctime class=\u0022small\u0022 datetime=\u00222010-02-17T21:40:00+01:00\u0022\u003E\n                            17. Februar 2010 | 21:40 Uhr\n                        \u003C\/time\u003E\n                                                \u003C\/div\u003E\n            \u003C\/a\u003E\n            \u003C\/div\u003E\n            \u003C\/article\u003E\n\n                                                                    \n\n    \u003Carticle class=\u0022col-md-6 col-lg-4 block-tile type-article\u0022\u003E\n                    \u003Cdiv class=\u0022border rounded shadow-sm h-100 flex-column d-flex    \u0022\u003E\n                    \u003Ca href=\u0022\/inside\/air-berlin-stockt-bei-niki-auf\u0022\u003E\n                            \n                            \n                    \u003Cdiv class=\u0022tile-body flex-grow-1 d-flex flex-column    \u0022\u003E\n                                                                                                            \u003Ch3 class=\u0022h2\u0022\u003EAir Berlin stockt bei Niki auf:\u003C\/h3\u003E\n                            \n                                    \n                                                                                    \u003Cp class=\u0022flex-grow-1\u0022\u003E\n                                                        \nAir Berlin stockt bei Niki auf: Als Reaktion auf die Lufthansa-\u00dcbernahme von Austrian Airlines will AB-Chef Joachim Hunold\n                                                            \u0026hellip; \u003Cicon class=\u0022fa fa-angle-double-right ms-1\u0022\u003E\u003C\/icon\u003E\n                                                    \u003C\/p\u003E\n                                    \n                                                            \u003Ctime class=\u0022small\u0022 datetime=\u00222010-02-17T21:32:00+01:00\u0022\u003E\n                            17. Februar 2010 | 21:32 Uhr\n                        \u003C\/time\u003E\n                                                \u003C\/div\u003E\n            \u003C\/a\u003E\n            \u003C\/div\u003E\n            \u003C\/article\u003E\n\n                                                                    \n\n    \u003Carticle class=\u0022col-md-6 col-lg-4 block-tile type-article\u0022\u003E\n                    \u003Cdiv class=\u0022border rounded shadow-sm h-100 flex-column d-flex    \u0022\u003E\n                    \u003Ca href=\u0022\/inside\/interconti-stuerzt-um-20-prozent-ab\u0022\u003E\n                            \n                            \n                    \u003Cdiv class=\u0022tile-body flex-grow-1 d-flex flex-column    \u0022\u003E\n                                                                                                            \u003Ch3 class=\u0022h2\u0022\u003EInterConti st\u00fcrzt um 20 Prozent ab:\u003C\/h3\u003E\n                            \n                                    \n                                                                                    \u003Cp class=\u0022flex-grow-1\u0022\u003E\n                                                        \nInterConti st\u00fcrzt um 20 Prozent ab: Ausbleibende Gesch\u00e4ftsreisende lassen die Einnahmen von 1,4 auf 1,1 Mrd. Euro fallen\n                                                            \u0026hellip; \u003Cicon class=\u0022fa fa-angle-double-right ms-1\u0022\u003E\u003C\/icon\u003E\n                                                    \u003C\/p\u003E\n                                    \n                                                            \u003Ctime class=\u0022small\u0022 datetime=\u00222010-02-17T14:01:00+01:00\u0022\u003E\n                            17. Februar 2010 | 14:01 Uhr\n                        \u003C\/time\u003E\n                                                \u003C\/div\u003E\n            \u003C\/a\u003E\n            \u003C\/div\u003E\n            \u003C\/article\u003E\n\n                                                                    \n\n    \u003Carticle class=\u0022col-md-6 col-lg-4 block-tile type-article\u0022\u003E\n                    \u003Cdiv class=\u0022border rounded shadow-sm h-100 flex-column d-flex    \u0022\u003E\n                    \u003Ca href=\u0022\/inside\/bahn-chef-ruediger-grube-will-anglizismen-abschaffen\u0022\u003E\n                            \n                            \n                    \u003Cdiv class=\u0022tile-body flex-grow-1 d-flex flex-column    \u0022\u003E\n                                                                                                            \u003Ch3 class=\u0022h2\u0022\u003EBahn-Chef R\u00fcdiger Grube will Anglizismen abschaffen:\u003C\/h3\u003E\n                            \n                                    \n                                                                                    \u003Cp class=\u0022flex-grow-1\u0022\u003E\n                                                        \nBahn-Chef R\u00fcdiger Grube will Anglizismen abschaffen: Schuss mit \u0026quot;Call a Bike\u0026quot;, Flyer und Counter. Nur der Intercity darf\n                                                            \u0026hellip; \u003Cicon class=\u0022fa fa-angle-double-right ms-1\u0022\u003E\u003C\/icon\u003E\n                                                    \u003C\/p\u003E\n                                    \n                                                            \u003Ctime class=\u0022small\u0022 datetime=\u00222010-02-17T07:18:00+01:00\u0022\u003E\n                            17. Februar 2010 | 07:18 Uhr\n                        \u003C\/time\u003E\n                                                \u003C\/div\u003E\n            \u003C\/a\u003E\n            \u003C\/div\u003E\n            \u003C\/article\u003E\n\n                                                                    \n\n    \u003Carticle class=\u0022col-md-6 col-lg-4 block-tile type-article\u0022\u003E\n                    \u003Cdiv class=\u0022border rounded shadow-sm h-100 flex-column d-flex    \u0022\u003E\n                    \u003Ca href=\u0022\/inside\/die-tui-hauptversammlung\u0022\u003E\n                            \n                            \n                    \u003Cdiv class=\u0022tile-body flex-grow-1 d-flex flex-column    \u0022\u003E\n                                                                                                            \u003Ch3 class=\u0022h2\u0022\u003EDie TUI-Hauptversammlung\u003C\/h3\u003E\n                            \n                                    \n                                                                                    \u003Cp class=\u0022flex-grow-1\u0022\u003E\n                                                        \nDie TUI-Hauptversammlung beginnt heute um 10:30 Uhr in Hannover. Analysten sind gespannt auf neue Angriffe des Gro\u00dfaktion\u00e4rs\n                                                            \u0026hellip; \u003Cicon class=\u0022fa fa-angle-double-right ms-1\u0022\u003E\u003C\/icon\u003E\n                                                    \u003C\/p\u003E\n                                    \n                                                            \u003Ctime class=\u0022small\u0022 datetime=\u00222010-02-17T07:09:00+01:00\u0022\u003E\n                            17. Februar 2010 | 07:09 Uhr\n                        \u003C\/time\u003E\n                                                \u003C\/div\u003E\n            \u003C\/a\u003E\n            \u003C\/div\u003E\n            \u003C\/article\u003E\n\n                                                                    \n\n    \u003Carticle class=\u0022col-md-6 col-lg-4 block-tile type-article\u0022\u003E\n                    \u003Cdiv class=\u0022border rounded shadow-sm h-100 flex-column d-flex    \u0022\u003E\n                    \u003Ca href=\u0022\/inside\/zugunglueck-blockiert-thalys\u0022\u003E\n                            \n                            \n                    \u003Cdiv class=\u0022tile-body flex-grow-1 d-flex flex-column    \u0022\u003E\n                                                                                                            \u003Ch3 class=\u0022h2\u0022\u003EZugungl\u00fcck blockiert Thalys:\u003C\/h3\u003E\n                            \n                                    \n                                                                                    \u003Cp class=\u0022flex-grow-1\u0022\u003E\n                                                        \nZugungl\u00fcck blockiert Thalys: Wegen der Eisenbahnkatastrophe in Belgien fallen mindestens noch bis morgen die schnellen\n                                                            \u0026hellip; \u003Cicon class=\u0022fa fa-angle-double-right ms-1\u0022\u003E\u003C\/icon\u003E\n                                                    \u003C\/p\u003E\n                                    \n                                                            \u003Ctime class=\u0022small\u0022 datetime=\u00222010-02-16T21:28:00+01:00\u0022\u003E\n                            16. Februar 2010 | 21:28 Uhr\n                        \u003C\/time\u003E\n                                                \u003C\/div\u003E\n            \u003C\/a\u003E\n            \u003C\/div\u003E\n            \u003C\/article\u003E\n\n                                                                    \n\n    \u003Carticle class=\u0022col-md-6 col-lg-4 block-tile type-article\u0022\u003E\n                    \u003Cdiv class=\u0022border rounded shadow-sm h-100 flex-column d-flex    \u0022\u003E\n                    \u003Ca href=\u0022\/inside\/ryanair-laesst-friedrichshafen-fallen\u0022\u003E\n                            \n                            \n                    \u003Cdiv class=\u0022tile-body flex-grow-1 d-flex flex-column    \u0022\u003E\n                                                                                                            \u003Ch3 class=\u0022h2\u0022\u003ERyanair l\u00e4sst Friedrichshafen fallen.\u003C\/h3\u003E\n                            \n                                    \n                                                                                    \u003Cp class=\u0022flex-grow-1\u0022\u003E\n                                                        \nRyanair l\u00e4sst Friedrichshafen fallen. Weil der Flughafen keine Marketing-Zusch\u00fcsse zahlen will, sucht der Billigflieger\n                                                            \u0026hellip; \u003Cicon class=\u0022fa fa-angle-double-right ms-1\u0022\u003E\u003C\/icon\u003E\n                                                    \u003C\/p\u003E\n                                    \n                                                            \u003Ctime class=\u0022small\u0022 datetime=\u00222010-02-16T20:58:00+01:00\u0022\u003E\n                            16. Februar 2010 | 20:58 Uhr\n                        \u003C\/time\u003E\n                                                \u003C\/div\u003E\n            \u003C\/a\u003E\n            \u003C\/div\u003E\n            \u003C\/article\u003E\n\n            \n\n    \u003Cdiv class=\u0022col-md-12\u0022\u003E\n        \u003Cul class=\u0022pagination\u0022\u003E\u003Cli class=\u0022page-item prev\u0022\u003E\u003Ca class=\u0022page-link\u0022 href=\u0022\/page\/60\/30\/tile_3col?ad=342\u0026page=695\u0022 rel=\u0022prev\u0022\u003E\u0026larr; Vorherige\u003C\/a\u003E\u003C\/li\u003E\u003Cli class=\u0022page-item\u0022\u003E\u003Ca class=\u0022page-link\u0022 href=\u0022\/page\/60\/30\/tile_3col?ad=342\u0026page=1\u0022\u003E1\u003C\/a\u003E\u003C\/li\u003E\u003Cli class=\u0022page-item disabled\u0022\u003E\u003Cspan class=\u0022page-link\u0022\u003E\u0026hellip;\u003C\/span\u003E\u003C\/li\u003E\u003Cli class=\u0022page-item\u0022\u003E\u003Ca class=\u0022page-link\u0022 href=\u0022\/page\/60\/30\/tile_3col?ad=342\u0026page=691\u0022\u003E691\u003C\/a\u003E\u003C\/li\u003E\u003Cli class=\u0022page-item\u0022\u003E\u003Ca class=\u0022page-link\u0022 href=\u0022\/page\/60\/30\/tile_3col?ad=342\u0026page=692\u0022\u003E692\u003C\/a\u003E\u003C\/li\u003E\u003Cli class=\u0022page-item\u0022\u003E\u003Ca class=\u0022page-link\u0022 href=\u0022\/page\/60\/30\/tile_3col?ad=342\u0026page=693\u0022\u003E693\u003C\/a\u003E\u003C\/li\u003E\u003Cli class=\u0022page-item\u0022\u003E\u003Ca class=\u0022page-link\u0022 href=\u0022\/page\/60\/30\/tile_3col?ad=342\u0026page=694\u0022\u003E694\u003C\/a\u003E\u003C\/li\u003E\u003Cli class=\u0022page-item\u0022\u003E\u003Ca class=\u0022page-link\u0022 href=\u0022\/page\/60\/30\/tile_3col?ad=342\u0026page=695\u0022\u003E695\u003C\/a\u003E\u003C\/li\u003E\u003Cli class=\u0022page-item active\u0022\u003E\u003Cspan class=\u0022page-link\u0022\u003E696 \u003Cspan class=\u0022sr-only\u0022\u003E(current)\u003C\/span\u003E\u003C\/span\u003E\u003C\/li\u003E\u003Cli class=\u0022page-item\u0022\u003E\u003Ca class=\u0022page-link\u0022 href=\u0022\/page\/60\/30\/tile_3col?ad=342\u0026page=697\u0022\u003E697\u003C\/a\u003E\u003C\/li\u003E\u003Cli class=\u0022page-item next\u0022\u003E\u003Ca class=\u0022page-link\u0022 href=\u0022\/page\/60\/30\/tile_3col?ad=342\u0026page=697\u0022 rel=\u0022next\u0022\u003EN\u00e4chste \u0026rarr;\u003C\/a\u003E\u003C\/li\u003E\u003C\/ul\u003E\n    \u003C\/div\u003E\n"}